{"id":4694,"date":"2012-11-29T19:36:58","date_gmt":"2012-11-29T22:36:58","guid":{"rendered":"http:\/\/www.bibliotecadeseguranca.com.br\/fr\/?p=4694"},"modified":"2014-12-31T01:46:19","modified_gmt":"2014-12-31T04:46:19","slug":"informacao-e-contra-informacao-a-guerra-de-cerebros","status":"publish","type":"post","link":"https:\/\/www.bibliotecadeseguranca.com.br\/fr\/livros\/informacao-e-contra-informacao-a-guerra-de-cerebros\/","title":{"rendered":"Informa\u00e7\u00e3o e Contra Informa\u00e7\u00e3o &#8211; A Guerra de C\u00e9rebros"},"content":{"rendered":"<p><strong><img loading=\"lazy\" decoding=\"async\" class=\"alignleft size-full wp-image-4695\" title=\"Informa\u00e7\u00e3o e Contra Informa\u00e7\u00e3o - A Guerra de C\u00e9rebros\" alt=\"\" src=\"http:\/\/www.bibliotecadeseguranca.com.br\/fr\/wp-content\/uploads\/2012\/11\/informacao-e-contra-informacao-a-guerra-de-cerebros.jpg\" width=\"140\" height=\"173\" srcset=\"https:\/\/www.bibliotecadeseguranca.com.br\/fr\/wp-content\/uploads\/2012\/11\/informacao-e-contra-informacao-a-guerra-de-cerebros.jpg 140w, https:\/\/www.bibliotecadeseguranca.com.br\/fr\/wp-content\/uploads\/2012\/11\/informacao-e-contra-informacao-a-guerra-de-cerebros-121x150.jpg 121w\" sizes=\"auto, (max-width: 140px) 100vw, 140px\" \/><span style=\"color: #003366;\">Rodrigo Paulo de Ulh\u00f4a Dolabella<\/span><\/strong><\/p>\n<p><span style=\"color: #003366;\"><strong>Antecipar Escola Superior de Intelig\u00eancia<\/strong><\/span><\/p>\n<p><span style=\"color: #003366;\"><strong>Descripci\u00f3n:<\/strong><\/span> Este livro, sem d\u00favida alguma, \u00e9 o resultado daquele precioso \u201csaber de experi\u00eancias feitas\u201d. E essa constata\u00e7\u00e3o se imp\u00f5e quando se verifica que, durante quase trinta anos, o autor dedicou-se, inteiramente, \u00e0 atividade das Informa\u00e7\u00f5es Estrat\u00e9gicas, hoje tamb\u00e9m conhecida como \u201cIntelig\u00eancia e Contra Intelig\u00eancia de Estado\u201d por raz\u00f5es que, com a acuidade que lhe \u00e9 peculiar, ele aponta na introdu\u00e7\u00e3o do seu trabalho.<\/p>\n<p>Tendo atuado em todas as \u00e1reas da atividade, notadamente no campo das Opera\u00e7\u00f5es Especiais, no que \u00e9 especialista, aliou a pr\u00e1tica ao estudo, concluindo todos os cursos de Informa\u00e7\u00f5es ent\u00e3o existentes no Brasil e est\u00e1gios diversos tais como Contra Espionagem, Propaganda Adversa, Planejamento e Chefia de Opera\u00e7\u00f5es Especiais, alguns no exterior, publicando artigos diversos em revistas especializadas e transmitindo seus conhecimentos como professor e instrutor.<\/p>\n<p>Da\u00ed se pode dizer, sem sombra de erro, que Rodrigo Paulo de Ulh\u00f4a Dolabella \u00e9 um Mestre em Informa\u00e7\u00f5es. A sua obra \u00e9 clara, did\u00e1tica, completa, e o seu intuito ao escrev\u00ea-la \u00e9 o de resgatar e preservar, diante da triste constata\u00e7\u00e3o da atual inexist\u00eancia de uma Doutrina de Informa\u00e7\u00f5es em nosso pa\u00eds, toda uma rica experi\u00eancia acumulada em anos de estudos e pr\u00e1tica, hoje em vias de se perder.<\/p>\n<p>Esse objetivo ele o atingiu, com muita propriedade, merc\u00ea do seu profundo conhecimento sobre o assunto, da sua intelig\u00eancia aguda, da sua erudi\u00e7\u00e3o, do seu acurado senso de observa\u00e7\u00e3o, da sua coer\u00eancia e do seu estilo inconfund\u00edvel. Est\u00e1 a\u00ed, portanto, uma obra a fazer jus ao seu autor, indispens\u00e1vel em todas as estantes, livro de cabeceira de todos aqueles que, de alguma forma, se ligam \u00e0 atividade, profissionais do ramo, homens p\u00fablicos, dirigentes, e mesmo do homem comum que nela h\u00e1 de encontrar o exato papel das Informa\u00e7\u00f5es de Estado e a desmistifica\u00e7\u00e3o dessa atividade nobre e essencial, embora sempre t\u00e3o incompreendida.<\/p>\n","protected":false},"excerpt":{"rendered":"<p>Rodrigo Paulo de Ulh\u00f4a Dolabella Antecipar Escola Superior de Intelig\u00eancia Descripci\u00f3n: Este livro, sem d\u00favida alguma, \u00e9 o resultado daquele precioso \u201csaber de experi\u00eancias feitas\u201d. E essa constata\u00e7\u00e3o se imp\u00f5e quando se verifica que, durante quase trinta anos, o autor dedicou-se, inteiramente, \u00e0 atividade das Informa\u00e7\u00f5es Estrat\u00e9gicas, hoje tamb\u00e9m conhecida como \u201cIntelig\u00eancia e Contra Intelig\u00eancia de Estado\u201d por raz\u00f5es que, com a acuidade que lhe \u00e9 peculiar, ele aponta na&hellip; <\/p>\n","protected":false},"author":3,"featured_media":4695,"comment_status":"open","ping_status":"closed","sticky":false,"template":"","format":"standard","meta":{"footnotes":""},"categories":[23,6],"tags":[],"class_list":["post-4694","post","type-post","status-publish","format-standard","has-post-thumbnail","hentry","category-gestao-da-seguranca-empresarial","category-livros"],"views":685,"_links":{"self":[{"href":"https:\/\/www.bibliotecadeseguranca.com.br\/fr\/wp-json\/wp\/v2\/posts\/4694","targetHints":{"allow":["GET"]}}],"collection":[{"href":"https:\/\/www.bibliotecadeseguranca.com.br\/fr\/wp-json\/wp\/v2\/posts"}],"about":[{"href":"https:\/\/www.bibliotecadeseguranca.com.br\/fr\/wp-json\/wp\/v2\/types\/post"}],"author":[{"embeddable":true,"href":"https:\/\/www.bibliotecadeseguranca.com.br\/fr\/wp-json\/wp\/v2\/users\/3"}],"replies":[{"embeddable":true,"href":"https:\/\/www.bibliotecadeseguranca.com.br\/fr\/wp-json\/wp\/v2\/comments?post=4694"}],"version-history":[{"count":3,"href":"https:\/\/www.bibliotecadeseguranca.com.br\/fr\/wp-json\/wp\/v2\/posts\/4694\/revisions"}],"predecessor-version":[{"id":9625,"href":"https:\/\/www.bibliotecadeseguranca.com.br\/fr\/wp-json\/wp\/v2\/posts\/4694\/revisions\/9625"}],"wp:featuredmedia":[{"embeddable":true,"href":"https:\/\/www.bibliotecadeseguranca.com.br\/fr\/wp-json\/wp\/v2\/media\/4695"}],"wp:attachment":[{"href":"https:\/\/www.bibliotecadeseguranca.com.br\/fr\/wp-json\/wp\/v2\/media?parent=4694"}],"wp:term":[{"taxonomy":"category","embeddable":true,"href":"https:\/\/www.bibliotecadeseguranca.com.br\/fr\/wp-json\/wp\/v2\/categories?post=4694"},{"taxonomy":"post_tag","embeddable":true,"href":"https:\/\/www.bibliotecadeseguranca.com.br\/fr\/wp-json\/wp\/v2\/tags?post=4694"}],"curies":[{"name":"wp","href":"https:\/\/api.w.org\/{rel}","templated":true}]}}