{"id":467,"date":"2012-06-10T16:29:44","date_gmt":"2012-06-10T16:29:44","guid":{"rendered":"http:\/\/www.bibliotecadeseguranca.com.br\/fr\/?p=467"},"modified":"2014-02-06T02:57:32","modified_gmt":"2014-02-06T05:57:32","slug":"gestao-de-empresas-na-sociedade-do-conhecimento-um-roteiro-para-a-acao","status":"publish","type":"post","link":"https:\/\/www.bibliotecadeseguranca.com.br\/fr\/livros\/gestao-de-empresas-na-sociedade-do-conhecimento-um-roteiro-para-a-acao\/","title":{"rendered":"Gest\u00e3o de Empresas na Sociedade do Conhecimento &#8211; Um Roteiro para a A\u00e7\u00e3o"},"content":{"rendered":"<p><strong><img loading=\"lazy\" decoding=\"async\" class=\"alignleft size-full wp-image-468\" alt=\"\" src=\"http:\/\/www.bibliotecadeseguranca.com.br\/fr\/wp-content\/uploads\/2011\/02\/gestao-de-empresas-na-sociedade-do-conhecimento-um-roteiro-para-a-acao.jpg\" width=\"121\" height=\"175\" srcset=\"https:\/\/www.bibliotecadeseguranca.com.br\/fr\/wp-content\/uploads\/2011\/02\/gestao-de-empresas-na-sociedade-do-conhecimento-um-roteiro-para-a-acao.jpg 121w, https:\/\/www.bibliotecadeseguranca.com.br\/fr\/wp-content\/uploads\/2011\/02\/gestao-de-empresas-na-sociedade-do-conhecimento-um-roteiro-para-a-acao-103x150.jpg 103w\" sizes=\"auto, (max-width: 121px) 100vw, 121px\" \/><span style=\"color: #003366;\">Andr\u00e9 Pereira, Elisabeth Gomes e Marcos Cavalcante<\/span><\/strong><\/p>\n<p><span style=\"color: #003366;\"><strong>Editor Campus<\/strong><\/span><\/p>\n<p style=\"text-align: justify;\"><span style=\"color: #003366;\"><strong>Descripci\u00f3n:<\/strong><\/span> Este livro \u00e9 uma tentativa de instigar o debate sobre a Sociedade do Conhecimento e da posi\u00e7\u00e3o de pa\u00edses como o Brasil dentro deste novo panorama onde a informa\u00e7\u00e3o e o uso da tecnologia s\u00e3o fundamentais para o progresso das empresas. Os autores mostram que, se as empresas brasileiras forem proativas e escolherem os nichos certos, podem ser l\u00edderes em v\u00e1rios setores intensivos em conhecimento. Para tanto mostram o exemplo de empresas como a M\u00f3dulo e a Embraer, al\u00e9m das empresas de propaganda, a m\u00fasica e a televis\u00e3o brasileiras.<\/p>\n<p style=\"text-align: justify;\">Neste livro, os autores apresentam um novo modelo de gest\u00e3o chamado de Intelig\u00eancia Empresarial. \u00c9 um modelo adequado para administrar empresas na sociedade do conhecimento e para fazer a gest\u00e3o de &#8220;empresaspontocom&#8221;. A segunda parte do livro, discute sobre os Capitais do Conhecimento, os ativos intang\u00edveis das empresas. Na terceira parte, h\u00e1 a descri\u00e7\u00e3o do processo de gest\u00e3o da M\u00f3dulo: um guia para transformar conhecimento em valor.<\/p>\n","protected":false},"excerpt":{"rendered":"<p>Andr\u00e9 Pereira, Elisabeth Gomes e Marcos Cavalcante Editor Campus Descripci\u00f3n: Este livro \u00e9 uma tentativa de instigar o debate sobre a Sociedade do Conhecimento e da posi\u00e7\u00e3o de pa\u00edses como o Brasil dentro deste novo panorama onde a informa\u00e7\u00e3o e o uso da tecnologia s\u00e3o fundamentais para o progresso das empresas. Os autores mostram que, se as empresas brasileiras forem proativas e escolherem os nichos certos, podem ser l\u00edderes em&hellip; <\/p>\n","protected":false},"author":3,"featured_media":468,"comment_status":"open","ping_status":"closed","sticky":false,"template":"","format":"standard","meta":{"footnotes":""},"categories":[14,6],"tags":[],"class_list":["post-467","post","type-post","status-publish","format-standard","has-post-thumbnail","hentry","category-administracao-e-estrategia-empresarial","category-livros"],"views":360,"_links":{"self":[{"href":"https:\/\/www.bibliotecadeseguranca.com.br\/fr\/wp-json\/wp\/v2\/posts\/467","targetHints":{"allow":["GET"]}}],"collection":[{"href":"https:\/\/www.bibliotecadeseguranca.com.br\/fr\/wp-json\/wp\/v2\/posts"}],"about":[{"href":"https:\/\/www.bibliotecadeseguranca.com.br\/fr\/wp-json\/wp\/v2\/types\/post"}],"author":[{"embeddable":true,"href":"https:\/\/www.bibliotecadeseguranca.com.br\/fr\/wp-json\/wp\/v2\/users\/3"}],"replies":[{"embeddable":true,"href":"https:\/\/www.bibliotecadeseguranca.com.br\/fr\/wp-json\/wp\/v2\/comments?post=467"}],"version-history":[{"count":7,"href":"https:\/\/www.bibliotecadeseguranca.com.br\/fr\/wp-json\/wp\/v2\/posts\/467\/revisions"}],"predecessor-version":[{"id":9251,"href":"https:\/\/www.bibliotecadeseguranca.com.br\/fr\/wp-json\/wp\/v2\/posts\/467\/revisions\/9251"}],"wp:featuredmedia":[{"embeddable":true,"href":"https:\/\/www.bibliotecadeseguranca.com.br\/fr\/wp-json\/wp\/v2\/media\/468"}],"wp:attachment":[{"href":"https:\/\/www.bibliotecadeseguranca.com.br\/fr\/wp-json\/wp\/v2\/media?parent=467"}],"wp:term":[{"taxonomy":"category","embeddable":true,"href":"https:\/\/www.bibliotecadeseguranca.com.br\/fr\/wp-json\/wp\/v2\/categories?post=467"},{"taxonomy":"post_tag","embeddable":true,"href":"https:\/\/www.bibliotecadeseguranca.com.br\/fr\/wp-json\/wp\/v2\/tags?post=467"}],"curies":[{"name":"wp","href":"https:\/\/api.w.org\/{rel}","templated":true}]}}