{"id":4667,"date":"2012-11-27T13:06:32","date_gmt":"2012-11-27T16:06:32","guid":{"rendered":"http:\/\/www.bibliotecadeseguranca.com.br\/fr\/?p=4667"},"modified":"2014-08-21T18:44:09","modified_gmt":"2014-08-21T21:44:09","slug":"participacao-do-setor-privado-na-seguranca-publica-no-brasil","status":"publish","type":"post","link":"https:\/\/www.bibliotecadeseguranca.com.br\/fr\/livros\/participacao-do-setor-privado-na-seguranca-publica-no-brasil\/","title":{"rendered":"Participa\u00e7\u00e3o do Setor Privado na Seguran\u00e7a P\u00fablica no Brasil"},"content":{"rendered":"<p><img loading=\"lazy\" decoding=\"async\" class=\"alignleft size-full wp-image-4668\" title=\"Participa\u00e7\u00e3o do Setor Privado na Seguran\u00e7a P\u00fablica no Brasil\" alt=\"\" src=\"http:\/\/www.bibliotecadeseguranca.com.br\/fr\/wp-content\/uploads\/2012\/11\/participacao-do-setor-privado-na-seguranca-publica-no-brasil.jpg\" width=\"226\" height=\"160\" srcset=\"https:\/\/www.bibliotecadeseguranca.com.br\/fr\/wp-content\/uploads\/2012\/11\/participacao-do-setor-privado-na-seguranca-publica-no-brasil.jpg 226w, https:\/\/www.bibliotecadeseguranca.com.br\/fr\/wp-content\/uploads\/2012\/11\/participacao-do-setor-privado-na-seguranca-publica-no-brasil-150x106.jpg 150w\" sizes=\"auto, (max-width: 226px) 100vw, 226px\" \/>A viol\u00eancia \u00e9 um fen\u00f4meno altamente complexo e din\u00e2mico, e seu enfrentamento demanda um grande esfor\u00e7o integrado e multissetorial, envolvendo n\u00e3o s\u00f3 as diferentes ag\u00eancias de governo, mas tamb\u00e9m a sociedade em geral na busca de solu\u00e7\u00f5es efetivas e sustent\u00e1veis. Isto implica a necessidade de conscientiza\u00e7\u00e3o de que todos os setores da sociedade s\u00e3o respons\u00e1veis e devem colaborar nos programas de seguran\u00e7a p\u00fablica e preven\u00e7\u00e3o da viol\u00eancia.<\/p>\n<p>N\u00e3o h\u00e1 d\u00favidas de que, para prevenir e controlar efetivamente a viol\u00eancia e a criminalidade, \u00e9 necess\u00e1rio um sistema de seguran\u00e7a p\u00fablica e justi\u00e7a criminal leg\u00edtimo e eficiente, que respeite o Estado Democr\u00e1tico de Direito. Efetivamente, o bom funcionamento do sistema de justi\u00e7a criminal aumenta a confian\u00e7a p\u00fablica e a percep\u00e7\u00e3o de seguran\u00e7a e prote\u00e7\u00e3o da popula\u00e7\u00e3o. Contudo, interven\u00e7\u00f5es baseadas exclusivamente nas institui\u00e7\u00f5es policiais ou na justi\u00e7a criminal n\u00e3o oferecem resultados duradouros no tempo, principalmente porque elas t\u00eam um impacto limitado nas poss\u00edveis causas que originam a viol\u00eancia. Assim, a participa\u00e7\u00e3o da comunidade nas iniciativas de preven\u00e7\u00e3o da viol\u00eancia constitui ferramenta fundamental para lhes dar legitimidade, mudar atitudes e mobilizar os diferentes setores e agentes de governo no longo prazo.<\/p>\n<p>No Brasil, historicamente, o setor empresarial optou por manter-se afastado dos programas de preven\u00e7\u00e3o e controle da viol\u00eancia, focando seus investimentos na prote\u00e7\u00e3o dos seus pr\u00f3prios interesses, principalmente por meio da contrata\u00e7\u00e3o de empresas de seguran\u00e7a privada e de sistemas de vigil\u00e2ncia cada vez mais sofisticados, ou procurando ter acesso privilegiado \u00e0s ag\u00eancias policiais para solicitar prote\u00e7\u00e3o especial. No entanto, nas \u00faltimas d\u00e9cadas, com o incremento generalizado do crime e da viol\u00eancia, diversos empres\u00e1rios come\u00e7aram a perceber que o mero investimento em seguran\u00e7a privada, al\u00e9m de implicar custos cada vez mais altos, j\u00e1 n\u00e3o era suficiente para garantir a seguran\u00e7a dos funcion\u00e1rios e das empresas. A magnitude do problema demandava um esfor\u00e7o maior, conjunto e articulado, que pudesse ser sustent\u00e1vel no longo prazo. Surgiram assim diversas iniciativas do setor privado voltadas para o enfrentamento dos desafios impostos pela viol\u00eancia. Desde ent\u00e3o,<br \/>\na participa\u00e7\u00e3o do setor privado em a\u00e7\u00f5es, programas e projetos de preven\u00e7\u00e3o do crime e da viol\u00eancia vem crescendo gradualmente no Brasil, mas ainda de forma t\u00edmida e pulverizada.<\/p>\n<p>Com o intuito de conhecer melhor os diferentes projetos que v\u00eam sendo desenvolvidos pelo setor privado na \u00e1rea de seguran\u00e7a p\u00fablica e preven\u00e7\u00e3o da viol\u00eancia no pa\u00eds, o F\u00f3rum Brasileiro de Seguran\u00e7a P\u00fablica, em parceria com o Instituto Ethos de Empresas e Responsabilidade Social e a CPFL Energia, realizou uma pesquisa que identificou 16 casos de sucesso, que incluem: experi\u00eancias voltadas para o aprimoramento das institui\u00e7\u00f5es e pol\u00edticas de seguran\u00e7a p\u00fablica; a\u00e7\u00f5es destinadas a prover para essas institui\u00e7\u00f5es servi\u00e7os ou recursos complementares; iniciativas de apoio a a\u00e7\u00f5es de preven\u00e7\u00e3o da viol\u00eancia e promo\u00e7\u00e3o da cultura de paz; e arranjos locais para apoiar pol\u00edticas de seguran\u00e7a e preven\u00e7\u00e3o da viol\u00eancia nas \u00e1reas em que a empresa est\u00e1 localizada ou em que atua.<\/p>\n<p><a title=\"Participa\u00e7\u00e3o do Setor Privado na Seguran\u00e7a P\u00fablica no Brasil\" href=\"http:\/\/www2.forumseguranca.org.br\/lista\/projeto\" target=\"_blank\"><img loading=\"lazy\" decoding=\"async\" class=\"alignleft size-full wp-image-11252\" src=\"http:\/\/www.bibliotecadeseguranca.com.br\/fr\/wp-content\/uploads\/2014\/08\/descargar.gif\" alt=\"Descargar\" width=\"93\" height=\"25\" \/><\/a><\/p>\n","protected":false},"excerpt":{"rendered":"<p>A viol\u00eancia \u00e9 um fen\u00f4meno altamente complexo e din\u00e2mico, e seu enfrentamento demanda um grande esfor\u00e7o integrado e multissetorial, envolvendo n\u00e3o s\u00f3 as diferentes ag\u00eancias de governo, mas tamb\u00e9m a sociedade em geral na busca de solu\u00e7\u00f5es efetivas e sustent\u00e1veis. Isto implica a necessidade de conscientiza\u00e7\u00e3o de que todos os setores da sociedade s\u00e3o respons\u00e1veis e devem colaborar nos programas de seguran\u00e7a p\u00fablica e preven\u00e7\u00e3o da viol\u00eancia. N\u00e3o h\u00e1 d\u00favidas&hellip; <\/p>\n","protected":false},"author":3,"featured_media":4668,"comment_status":"open","ping_status":"closed","sticky":false,"template":"","format":"standard","meta":{"footnotes":""},"categories":[6,25,112],"tags":[],"class_list":["post-4667","post","type-post","status-publish","format-standard","has-post-thumbnail","hentry","category-livros","category-seguranca-publica-e-defesa","category-download"],"views":572,"_links":{"self":[{"href":"https:\/\/www.bibliotecadeseguranca.com.br\/fr\/wp-json\/wp\/v2\/posts\/4667","targetHints":{"allow":["GET"]}}],"collection":[{"href":"https:\/\/www.bibliotecadeseguranca.com.br\/fr\/wp-json\/wp\/v2\/posts"}],"about":[{"href":"https:\/\/www.bibliotecadeseguranca.com.br\/fr\/wp-json\/wp\/v2\/types\/post"}],"author":[{"embeddable":true,"href":"https:\/\/www.bibliotecadeseguranca.com.br\/fr\/wp-json\/wp\/v2\/users\/3"}],"replies":[{"embeddable":true,"href":"https:\/\/www.bibliotecadeseguranca.com.br\/fr\/wp-json\/wp\/v2\/comments?post=4667"}],"version-history":[{"count":5,"href":"https:\/\/www.bibliotecadeseguranca.com.br\/fr\/wp-json\/wp\/v2\/posts\/4667\/revisions"}],"predecessor-version":[{"id":11275,"href":"https:\/\/www.bibliotecadeseguranca.com.br\/fr\/wp-json\/wp\/v2\/posts\/4667\/revisions\/11275"}],"wp:featuredmedia":[{"embeddable":true,"href":"https:\/\/www.bibliotecadeseguranca.com.br\/fr\/wp-json\/wp\/v2\/media\/4668"}],"wp:attachment":[{"href":"https:\/\/www.bibliotecadeseguranca.com.br\/fr\/wp-json\/wp\/v2\/media?parent=4667"}],"wp:term":[{"taxonomy":"category","embeddable":true,"href":"https:\/\/www.bibliotecadeseguranca.com.br\/fr\/wp-json\/wp\/v2\/categories?post=4667"},{"taxonomy":"post_tag","embeddable":true,"href":"https:\/\/www.bibliotecadeseguranca.com.br\/fr\/wp-json\/wp\/v2\/tags?post=4667"}],"curies":[{"name":"wp","href":"https:\/\/api.w.org\/{rel}","templated":true}]}}