{"id":4661,"date":"2012-11-27T12:33:55","date_gmt":"2012-11-27T15:33:55","guid":{"rendered":"http:\/\/www.bibliotecadeseguranca.com.br\/fr\/?p=4661"},"modified":"2014-08-21T18:46:05","modified_gmt":"2014-08-21T21:46:05","slug":"seguranca-publica-e-academia","status":"publish","type":"post","link":"https:\/\/www.bibliotecadeseguranca.com.br\/fr\/livros\/seguranca-publica-e-academia\/","title":{"rendered":"Seguran\u00e7a P\u00fablica e Academia"},"content":{"rendered":"<p><img loading=\"lazy\" decoding=\"async\" class=\"alignleft size-full wp-image-4662\" title=\"Seguran\u00e7a P\u00fablica e Academia\" alt=\"\" src=\"http:\/\/www.bibliotecadeseguranca.com.br\/fr\/wp-content\/uploads\/2012\/11\/seguranca-publica-e-academia.jpg\" width=\"140\" height=\"198\" srcset=\"https:\/\/www.bibliotecadeseguranca.com.br\/fr\/wp-content\/uploads\/2012\/11\/seguranca-publica-e-academia.jpg 140w, https:\/\/www.bibliotecadeseguranca.com.br\/fr\/wp-content\/uploads\/2012\/11\/seguranca-publica-e-academia-106x150.jpg 106w\" sizes=\"auto, (max-width: 140px) 100vw, 140px\" \/>Mapeamento das conex\u00f5es te\u00f3ricas e metodol\u00f3gicas da produ\u00e7\u00e3o acad\u00eamica brasileira em torno dos temas da viol\u00eancia e da seguran\u00e7a p\u00fablica e as suas rela\u00e7\u00f5es com as pol\u00edticas p\u00fablicas da \u00e1rea adotadas nas duas \u00faltimas d\u00e9cadas (1990-2000).<\/p>\n<p>Este relat\u00f3rio teve como objetivo reunir e tratar dados sobre a produ\u00e7\u00e3o acad\u00eamica nacional sobre viol\u00eancia e seguran\u00e7a p\u00fablica, mostrando-se como um primeiro passo importante para estabelecer uma cartografia do campo e analisar as disputas entre discursos e atores que, porventura, estejam provocando o cen\u00e1rio exposto. Como etapa derivada, a an\u00e1lise dos resultados frente \u00e0 avalia\u00e7\u00e3o das pol\u00edticas de seguran\u00e7a p\u00fablica atualmente implementadas poder\u00e1 indicar a rela\u00e7\u00e3o entre produ\u00e7\u00e3o acad\u00eamica e pol\u00edticas p\u00fablicas e, com isso, permitir um estudo sobre as conex\u00f5es do pensamento cient\u00edfico em rela\u00e7\u00e3o ao tema.<\/p>\n<p><a title=\"Seguran\u00e7a P\u00fablica e Academia\" href=\"http:\/\/www2.forumseguranca.org.br\/node\/27207\" target=\"_blank\"><img loading=\"lazy\" decoding=\"async\" class=\"alignleft size-full wp-image-11252\" src=\"http:\/\/www.bibliotecadeseguranca.com.br\/fr\/wp-content\/uploads\/2014\/08\/descargar.gif\" alt=\"Descargar\" width=\"93\" height=\"25\" \/><\/a><\/p>\n","protected":false},"excerpt":{"rendered":"<p>Mapeamento das conex\u00f5es te\u00f3ricas e metodol\u00f3gicas da produ\u00e7\u00e3o acad\u00eamica brasileira em torno dos temas da viol\u00eancia e da seguran\u00e7a p\u00fablica e as suas rela\u00e7\u00f5es com as pol\u00edticas p\u00fablicas da \u00e1rea adotadas nas duas \u00faltimas d\u00e9cadas (1990-2000). Este relat\u00f3rio teve como objetivo reunir e tratar dados sobre a produ\u00e7\u00e3o acad\u00eamica nacional sobre viol\u00eancia e seguran\u00e7a p\u00fablica, mostrando-se como um primeiro passo importante para estabelecer uma cartografia do campo e analisar as&hellip; <\/p>\n","protected":false},"author":3,"featured_media":4662,"comment_status":"open","ping_status":"closed","sticky":false,"template":"","format":"standard","meta":{"footnotes":""},"categories":[6,25,112],"tags":[],"class_list":["post-4661","post","type-post","status-publish","format-standard","has-post-thumbnail","hentry","category-livros","category-seguranca-publica-e-defesa","category-download"],"views":212,"_links":{"self":[{"href":"https:\/\/www.bibliotecadeseguranca.com.br\/fr\/wp-json\/wp\/v2\/posts\/4661","targetHints":{"allow":["GET"]}}],"collection":[{"href":"https:\/\/www.bibliotecadeseguranca.com.br\/fr\/wp-json\/wp\/v2\/posts"}],"about":[{"href":"https:\/\/www.bibliotecadeseguranca.com.br\/fr\/wp-json\/wp\/v2\/types\/post"}],"author":[{"embeddable":true,"href":"https:\/\/www.bibliotecadeseguranca.com.br\/fr\/wp-json\/wp\/v2\/users\/3"}],"replies":[{"embeddable":true,"href":"https:\/\/www.bibliotecadeseguranca.com.br\/fr\/wp-json\/wp\/v2\/comments?post=4661"}],"version-history":[{"count":5,"href":"https:\/\/www.bibliotecadeseguranca.com.br\/fr\/wp-json\/wp\/v2\/posts\/4661\/revisions"}],"predecessor-version":[{"id":11293,"href":"https:\/\/www.bibliotecadeseguranca.com.br\/fr\/wp-json\/wp\/v2\/posts\/4661\/revisions\/11293"}],"wp:featuredmedia":[{"embeddable":true,"href":"https:\/\/www.bibliotecadeseguranca.com.br\/fr\/wp-json\/wp\/v2\/media\/4662"}],"wp:attachment":[{"href":"https:\/\/www.bibliotecadeseguranca.com.br\/fr\/wp-json\/wp\/v2\/media?parent=4661"}],"wp:term":[{"taxonomy":"category","embeddable":true,"href":"https:\/\/www.bibliotecadeseguranca.com.br\/fr\/wp-json\/wp\/v2\/categories?post=4661"},{"taxonomy":"post_tag","embeddable":true,"href":"https:\/\/www.bibliotecadeseguranca.com.br\/fr\/wp-json\/wp\/v2\/tags?post=4661"}],"curies":[{"name":"wp","href":"https:\/\/api.w.org\/{rel}","templated":true}]}}