{"id":4650,"date":"2012-11-26T22:25:38","date_gmt":"2012-11-27T01:25:38","guid":{"rendered":"http:\/\/www.bibliotecadeseguranca.com.br\/fr\/?p=4650"},"modified":"2014-08-21T18:45:58","modified_gmt":"2014-08-21T21:45:58","slug":"forum-de-dialogo-em-seguranca-publica","status":"publish","type":"post","link":"https:\/\/www.bibliotecadeseguranca.com.br\/fr\/livros\/forum-de-dialogo-em-seguranca-publica\/","title":{"rendered":"F\u00f3rum de Di\u00e1logo em Seguran\u00e7a P\u00fablica"},"content":{"rendered":"<p><img loading=\"lazy\" decoding=\"async\" class=\"alignleft size-full wp-image-4651\" title=\"F\u00f3rum de Di\u00e1logo em Seguran\u00e7a P\u00fablica\" alt=\"\" src=\"http:\/\/www.bibliotecadeseguranca.com.br\/fr\/wp-content\/uploads\/2012\/11\/forum-de-dialogo-em-seguranca-publica.jpg\" width=\"226\" height=\"160\" srcset=\"https:\/\/www.bibliotecadeseguranca.com.br\/fr\/wp-content\/uploads\/2012\/11\/forum-de-dialogo-em-seguranca-publica.jpg 226w, https:\/\/www.bibliotecadeseguranca.com.br\/fr\/wp-content\/uploads\/2012\/11\/forum-de-dialogo-em-seguranca-publica-150x106.jpg 150w\" sizes=\"auto, (max-width: 226px) 100vw, 226px\" \/>O projeto \u201cF\u00f3rum de Di\u00e1logo em Seguran\u00e7a\u201d visou promover, no \u00e2mbito do F\u00f3rum Brasileiro de Seguran\u00e7a P\u00fablica, um ciclo de debates em torno dos pr\u00f3ximos passos na trilha comum do aprimoramento e da democratiza\u00e7\u00e3o da seguran\u00e7a p\u00fablica brasileira. O F\u00f3rum de Di\u00e1logo n\u00e3o teve por objetivo buscar uma agenda consensual a ser defendida em un\u00edssono pelos associados ou pelo F\u00f3rum em nome deles, mas se valer da experi\u00eancia, da qualidade t\u00e9cnica e da liberdade de opini\u00f5es existentes no seu interior para avan\u00e7ar na an\u00e1lise das alternativas existentes em rela\u00e7\u00e3o a cada tema controverso e na qualifica\u00e7\u00e3o do seu debate.<\/p>\n<p><a title=\"F\u00f3rum de Di\u00e1logo em Seguran\u00e7a P\u00fablica\" href=\"http:\/\/www2.forumseguranca.org.br\/node\/27209\" target=\"_blank\"><img loading=\"lazy\" decoding=\"async\" class=\"alignleft size-full wp-image-11252\" src=\"http:\/\/www.bibliotecadeseguranca.com.br\/fr\/wp-content\/uploads\/2014\/08\/descargar.gif\" alt=\"Descargar\" width=\"93\" height=\"25\" \/><\/a><\/p>\n","protected":false},"excerpt":{"rendered":"<p>O projeto \u201cF\u00f3rum de Di\u00e1logo em Seguran\u00e7a\u201d visou promover, no \u00e2mbito do F\u00f3rum Brasileiro de Seguran\u00e7a P\u00fablica, um ciclo de debates em torno dos pr\u00f3ximos passos na trilha comum do aprimoramento e da democratiza\u00e7\u00e3o da seguran\u00e7a p\u00fablica brasileira. O F\u00f3rum de Di\u00e1logo n\u00e3o teve por objetivo buscar uma agenda consensual a ser defendida em un\u00edssono pelos associados ou pelo F\u00f3rum em nome deles, mas se valer da experi\u00eancia, da qualidade&hellip; <\/p>\n","protected":false},"author":3,"featured_media":4651,"comment_status":"open","ping_status":"closed","sticky":false,"template":"","format":"standard","meta":{"footnotes":""},"categories":[6,25,112],"tags":[],"class_list":["post-4650","post","type-post","status-publish","format-standard","has-post-thumbnail","hentry","category-livros","category-seguranca-publica-e-defesa","category-download"],"views":387,"_links":{"self":[{"href":"https:\/\/www.bibliotecadeseguranca.com.br\/fr\/wp-json\/wp\/v2\/posts\/4650","targetHints":{"allow":["GET"]}}],"collection":[{"href":"https:\/\/www.bibliotecadeseguranca.com.br\/fr\/wp-json\/wp\/v2\/posts"}],"about":[{"href":"https:\/\/www.bibliotecadeseguranca.com.br\/fr\/wp-json\/wp\/v2\/types\/post"}],"author":[{"embeddable":true,"href":"https:\/\/www.bibliotecadeseguranca.com.br\/fr\/wp-json\/wp\/v2\/users\/3"}],"replies":[{"embeddable":true,"href":"https:\/\/www.bibliotecadeseguranca.com.br\/fr\/wp-json\/wp\/v2\/comments?post=4650"}],"version-history":[{"count":4,"href":"https:\/\/www.bibliotecadeseguranca.com.br\/fr\/wp-json\/wp\/v2\/posts\/4650\/revisions"}],"predecessor-version":[{"id":11292,"href":"https:\/\/www.bibliotecadeseguranca.com.br\/fr\/wp-json\/wp\/v2\/posts\/4650\/revisions\/11292"}],"wp:featuredmedia":[{"embeddable":true,"href":"https:\/\/www.bibliotecadeseguranca.com.br\/fr\/wp-json\/wp\/v2\/media\/4651"}],"wp:attachment":[{"href":"https:\/\/www.bibliotecadeseguranca.com.br\/fr\/wp-json\/wp\/v2\/media?parent=4650"}],"wp:term":[{"taxonomy":"category","embeddable":true,"href":"https:\/\/www.bibliotecadeseguranca.com.br\/fr\/wp-json\/wp\/v2\/categories?post=4650"},{"taxonomy":"post_tag","embeddable":true,"href":"https:\/\/www.bibliotecadeseguranca.com.br\/fr\/wp-json\/wp\/v2\/tags?post=4650"}],"curies":[{"name":"wp","href":"https:\/\/api.w.org\/{rel}","templated":true}]}}