{"id":4647,"date":"2012-11-26T21:57:17","date_gmt":"2012-11-27T00:57:17","guid":{"rendered":"http:\/\/www.bibliotecadeseguranca.com.br\/fr\/?p=4647"},"modified":"2014-08-21T18:45:52","modified_gmt":"2014-08-21T21:45:52","slug":"indice-de-vulnerabilidade-juvenil-a-violencia-textos-de-analise-5","status":"publish","type":"post","link":"https:\/\/www.bibliotecadeseguranca.com.br\/fr\/livros\/indice-de-vulnerabilidade-juvenil-a-violencia-textos-de-analise-5\/","title":{"rendered":"\u00cdndice de Vulnerabilidade Juvenil \u00e0 Viol\u00eancia &#8211; Textos de An\u00e1lise 5"},"content":{"rendered":"<p><img loading=\"lazy\" decoding=\"async\" class=\"alignleft size-full wp-image-4648\" title=\"\u00cdndice de Vulnerabilidade Juvenil \u00e0 Viol\u00eancia - Textos de An\u00e1lise 5\" alt=\"\" src=\"http:\/\/www.bibliotecadeseguranca.com.br\/fr\/wp-content\/uploads\/2012\/11\/indice-de-vulnerabilidade-juvenil-a-violencia-textos-de-analise-5.jpg\" width=\"150\" height=\"211\" srcset=\"https:\/\/www.bibliotecadeseguranca.com.br\/fr\/wp-content\/uploads\/2012\/11\/indice-de-vulnerabilidade-juvenil-a-violencia-textos-de-analise-5.jpg 150w, https:\/\/www.bibliotecadeseguranca.com.br\/fr\/wp-content\/uploads\/2012\/11\/indice-de-vulnerabilidade-juvenil-a-violencia-textos-de-analise-5-106x150.jpg 106w\" sizes=\"auto, (max-width: 150px) 100vw, 150px\" \/>Como parte integrante do projeto Juventude e Preven\u00e7\u00e3o da Viol\u00eancia, o F\u00f3rum Brasileiro de Seguran\u00e7a P\u00fablica desenvolveu, com o apoio metodol\u00f3gico da Funda\u00e7\u00e3o Seade, de S\u00e3o Paulo, o \u00cdndice de Vulnerabilidade Juvenil \u00e0 Viol\u00eancia. A proposta foi reunir, num \u00fanico \u00edndice, uma s\u00e9rie de vari\u00e1veis que s\u00e3o mobilizadas na explica\u00e7\u00e3o da associa\u00e7\u00e3o e envolvimentos de jovens com a viol\u00eancia e organiz\u00e1-las de modo a dar um retrato da situa\u00e7\u00e3o encontrada em munic\u00edpios com mais de 100 mil habitantes.<\/p>\n<p>O IVJ-Viol\u00eancia permite, basicamente, analisar condi\u00e7\u00f5es de vida da popula\u00e7\u00e3o jovem desses munic\u00edpios, instrumentalizando os gestores de pol\u00edticas de preven\u00e7\u00e3o com informa\u00e7\u00f5es capazes de aumentar a efici\u00eancia de suas a\u00e7\u00f5es. Assim, ao encomendar tal estudo, o Minist\u00e9rio da Justi\u00e7a, por meio do Pronasci, visou aprofundar o conhecimento sobre o envolvimento de jovens com a viol\u00eancia e, consequentemente, gerar insumos para o planejamento e gest\u00e3o do programa, de forma a fortalecer sua capacidade de interven\u00e7\u00e3o social e mudan\u00e7a da realidade.<\/p>\n<p><a title=\"\u00cdndice de Vulnerabilidade Juvenil \u00e0 Viol\u00eancia - Textos de An\u00e1lise 5\" href=\"http:\/\/www2.forumseguranca.org.br\/node\/27183\" target=\"_blank\"><img loading=\"lazy\" decoding=\"async\" class=\"alignleft size-full wp-image-11252\" src=\"http:\/\/www.bibliotecadeseguranca.com.br\/fr\/wp-content\/uploads\/2014\/08\/descargar.gif\" alt=\"Descargar\" width=\"93\" height=\"25\" \/><\/a><\/p>\n","protected":false},"excerpt":{"rendered":"<p>Como parte integrante do projeto Juventude e Preven\u00e7\u00e3o da Viol\u00eancia, o F\u00f3rum Brasileiro de Seguran\u00e7a P\u00fablica desenvolveu, com o apoio metodol\u00f3gico da Funda\u00e7\u00e3o Seade, de S\u00e3o Paulo, o \u00cdndice de Vulnerabilidade Juvenil \u00e0 Viol\u00eancia. A proposta foi reunir, num \u00fanico \u00edndice, uma s\u00e9rie de vari\u00e1veis que s\u00e3o mobilizadas na explica\u00e7\u00e3o da associa\u00e7\u00e3o e envolvimentos de jovens com a viol\u00eancia e organiz\u00e1-las de modo a dar um retrato da situa\u00e7\u00e3o encontrada&hellip; <\/p>\n","protected":false},"author":3,"featured_media":4648,"comment_status":"open","ping_status":"closed","sticky":false,"template":"","format":"standard","meta":{"footnotes":""},"categories":[6,25,112],"tags":[],"class_list":["post-4647","post","type-post","status-publish","format-standard","has-post-thumbnail","hentry","category-livros","category-seguranca-publica-e-defesa","category-download"],"views":344,"_links":{"self":[{"href":"https:\/\/www.bibliotecadeseguranca.com.br\/fr\/wp-json\/wp\/v2\/posts\/4647","targetHints":{"allow":["GET"]}}],"collection":[{"href":"https:\/\/www.bibliotecadeseguranca.com.br\/fr\/wp-json\/wp\/v2\/posts"}],"about":[{"href":"https:\/\/www.bibliotecadeseguranca.com.br\/fr\/wp-json\/wp\/v2\/types\/post"}],"author":[{"embeddable":true,"href":"https:\/\/www.bibliotecadeseguranca.com.br\/fr\/wp-json\/wp\/v2\/users\/3"}],"replies":[{"embeddable":true,"href":"https:\/\/www.bibliotecadeseguranca.com.br\/fr\/wp-json\/wp\/v2\/comments?post=4647"}],"version-history":[{"count":5,"href":"https:\/\/www.bibliotecadeseguranca.com.br\/fr\/wp-json\/wp\/v2\/posts\/4647\/revisions"}],"predecessor-version":[{"id":11291,"href":"https:\/\/www.bibliotecadeseguranca.com.br\/fr\/wp-json\/wp\/v2\/posts\/4647\/revisions\/11291"}],"wp:featuredmedia":[{"embeddable":true,"href":"https:\/\/www.bibliotecadeseguranca.com.br\/fr\/wp-json\/wp\/v2\/media\/4648"}],"wp:attachment":[{"href":"https:\/\/www.bibliotecadeseguranca.com.br\/fr\/wp-json\/wp\/v2\/media?parent=4647"}],"wp:term":[{"taxonomy":"category","embeddable":true,"href":"https:\/\/www.bibliotecadeseguranca.com.br\/fr\/wp-json\/wp\/v2\/categories?post=4647"},{"taxonomy":"post_tag","embeddable":true,"href":"https:\/\/www.bibliotecadeseguranca.com.br\/fr\/wp-json\/wp\/v2\/tags?post=4647"}],"curies":[{"name":"wp","href":"https:\/\/api.w.org\/{rel}","templated":true}]}}