{"id":4644,"date":"2012-11-26T21:52:53","date_gmt":"2012-11-27T00:52:53","guid":{"rendered":"http:\/\/www.bibliotecadeseguranca.com.br\/fr\/?p=4644"},"modified":"2014-08-21T18:45:45","modified_gmt":"2014-08-21T21:45:45","slug":"narrativas-da-violencia-institucionalizacao-textos-de-analise-4","status":"publish","type":"post","link":"https:\/\/www.bibliotecadeseguranca.com.br\/fr\/livros\/narrativas-da-violencia-institucionalizacao-textos-de-analise-4\/","title":{"rendered":"Narrativas da Viol\u00eancia &#8211; Institucionaliza\u00e7\u00e3o &#8211; Textos de An\u00e1lise 4"},"content":{"rendered":"<p><img loading=\"lazy\" decoding=\"async\" class=\"alignleft size-full wp-image-4645\" title=\"Narrativas da Viol\u00eancia - Institucionaliza\u00e7\u00e3o - Textos de An\u00e1lise 4\" alt=\"\" src=\"http:\/\/www.bibliotecadeseguranca.com.br\/fr\/wp-content\/uploads\/2012\/11\/narrativas-da-violencia-institucionalizacao-textos-de-analise-4.jpg\" width=\"150\" height=\"212\" srcset=\"https:\/\/www.bibliotecadeseguranca.com.br\/fr\/wp-content\/uploads\/2012\/11\/narrativas-da-violencia-institucionalizacao-textos-de-analise-4.jpg 150w, https:\/\/www.bibliotecadeseguranca.com.br\/fr\/wp-content\/uploads\/2012\/11\/narrativas-da-violencia-institucionalizacao-textos-de-analise-4-106x150.jpg 106w\" sizes=\"auto, (max-width: 150px) 100vw, 150px\" \/>Este relat\u00f3rio apresenta resultados parciais da segunda etapa de abordagem utilizando t\u00e9cnicas de pesquisa qualitativa, complementar \u00e0 an\u00e1lise da associa\u00e7\u00e3o entre juventude e exposi\u00e7\u00e3o \u00e0 viol\u00eancia, que integrou o Projeto Juventude e Preven\u00e7\u00e3o da Viol\u00eancia, realizado pelo Minist\u00e9rio da Justi\u00e7a no \u00e2mbito do Programa Nacional de Seguran\u00e7a com Cidadania (Pronasci), em parceria com o F\u00f3rum Brasileiro de Seguran\u00e7a P\u00fablica, o Instituto Latino Americano das Na\u00e7\u00f5es Unidas para a Preven\u00e7\u00e3o do Delito e Tratamento do Delinquente (Ilanud) e o Instituto Sou da Paz.<\/p>\n<p>A etapa que ora se apresenta chamou-se Narrativas da Viol\u00eancia: Institucionaliza\u00e7\u00e3o, e foi realizada em 2009 e 2010 por meio de entrevistas explorat\u00f3rias com adolescentes internados e jovens apenados em 14 Estados, com \u00eanfase nas capitais (com exce\u00e7\u00e3o de Luzi\u00e2nia, em Goi\u00e1s).<\/p>\n<p>Foram realizadas 214 entrevistas explorat\u00f3rias, sendo 123 gravadas e transpostas para um banco de dados do software NVivo, a partir do qual foram feitas as an\u00e1lises apresentadas neste relat\u00f3rio. As entrevistas cujas grava\u00e7\u00f5es n\u00e3o foram autorizadas ocorreram nos estados de Rio de Janeiro e em S\u00e3o Paulo, sendo os dados coletados a partir das anota\u00e7\u00f5es do pesquisador (registros de campo). As notas metodol\u00f3gicas desta etapa encontram-se no ap\u00eandice (Anexo A) deste relat\u00f3rio.<\/p>\n<p><a title=\"Narrativas da Viol\u00eancia - Institucionaliza\u00e7\u00e3o - Textos de An\u00e1lise 4\" href=\"http:\/\/www2.forumseguranca.org.br\/node\/27184\" target=\"_blank\"><img loading=\"lazy\" decoding=\"async\" class=\"alignleft size-full wp-image-11252\" src=\"http:\/\/www.bibliotecadeseguranca.com.br\/fr\/wp-content\/uploads\/2014\/08\/descargar.gif\" alt=\"Descargar\" width=\"93\" height=\"25\" \/><\/a><\/p>\n","protected":false},"excerpt":{"rendered":"<p>Este relat\u00f3rio apresenta resultados parciais da segunda etapa de abordagem utilizando t\u00e9cnicas de pesquisa qualitativa, complementar \u00e0 an\u00e1lise da associa\u00e7\u00e3o entre juventude e exposi\u00e7\u00e3o \u00e0 viol\u00eancia, que integrou o Projeto Juventude e Preven\u00e7\u00e3o da Viol\u00eancia, realizado pelo Minist\u00e9rio da Justi\u00e7a no \u00e2mbito do Programa Nacional de Seguran\u00e7a com Cidadania (Pronasci), em parceria com o F\u00f3rum Brasileiro de Seguran\u00e7a P\u00fablica, o Instituto Latino Americano das Na\u00e7\u00f5es Unidas para a Preven\u00e7\u00e3o do&hellip; <\/p>\n","protected":false},"author":3,"featured_media":4645,"comment_status":"open","ping_status":"closed","sticky":false,"template":"","format":"standard","meta":{"footnotes":""},"categories":[6,25,112],"tags":[],"class_list":["post-4644","post","type-post","status-publish","format-standard","has-post-thumbnail","hentry","category-livros","category-seguranca-publica-e-defesa","category-download"],"views":371,"_links":{"self":[{"href":"https:\/\/www.bibliotecadeseguranca.com.br\/fr\/wp-json\/wp\/v2\/posts\/4644","targetHints":{"allow":["GET"]}}],"collection":[{"href":"https:\/\/www.bibliotecadeseguranca.com.br\/fr\/wp-json\/wp\/v2\/posts"}],"about":[{"href":"https:\/\/www.bibliotecadeseguranca.com.br\/fr\/wp-json\/wp\/v2\/types\/post"}],"author":[{"embeddable":true,"href":"https:\/\/www.bibliotecadeseguranca.com.br\/fr\/wp-json\/wp\/v2\/users\/3"}],"replies":[{"embeddable":true,"href":"https:\/\/www.bibliotecadeseguranca.com.br\/fr\/wp-json\/wp\/v2\/comments?post=4644"}],"version-history":[{"count":5,"href":"https:\/\/www.bibliotecadeseguranca.com.br\/fr\/wp-json\/wp\/v2\/posts\/4644\/revisions"}],"predecessor-version":[{"id":11290,"href":"https:\/\/www.bibliotecadeseguranca.com.br\/fr\/wp-json\/wp\/v2\/posts\/4644\/revisions\/11290"}],"wp:featuredmedia":[{"embeddable":true,"href":"https:\/\/www.bibliotecadeseguranca.com.br\/fr\/wp-json\/wp\/v2\/media\/4645"}],"wp:attachment":[{"href":"https:\/\/www.bibliotecadeseguranca.com.br\/fr\/wp-json\/wp\/v2\/media?parent=4644"}],"wp:term":[{"taxonomy":"category","embeddable":true,"href":"https:\/\/www.bibliotecadeseguranca.com.br\/fr\/wp-json\/wp\/v2\/categories?post=4644"},{"taxonomy":"post_tag","embeddable":true,"href":"https:\/\/www.bibliotecadeseguranca.com.br\/fr\/wp-json\/wp\/v2\/tags?post=4644"}],"curies":[{"name":"wp","href":"https:\/\/api.w.org\/{rel}","templated":true}]}}