{"id":4641,"date":"2012-11-26T21:43:29","date_gmt":"2012-11-27T00:43:29","guid":{"rendered":"http:\/\/www.bibliotecadeseguranca.com.br\/fr\/?p=4641"},"modified":"2014-08-21T18:45:39","modified_gmt":"2014-08-21T21:45:39","slug":"narrativas-da-violencia-analise-regional-textos-de-analise-3","status":"publish","type":"post","link":"https:\/\/www.bibliotecadeseguranca.com.br\/fr\/livros\/narrativas-da-violencia-analise-regional-textos-de-analise-3\/","title":{"rendered":"Narrativas da Viol\u00eancia &#8211; An\u00e1lise regional &#8211; Textos de An\u00e1lise 3"},"content":{"rendered":"<p><img loading=\"lazy\" decoding=\"async\" class=\"alignleft size-full wp-image-4642\" title=\"Narrativas da Viol\u00eancia - An\u00e1lise regional - Textos de An\u00e1lise 3\" alt=\"\" src=\"http:\/\/www.bibliotecadeseguranca.com.br\/fr\/wp-content\/uploads\/2012\/11\/narrativas-da-violencia-analise-regional-textos-de-analise-3.jpg\" width=\"150\" height=\"212\" srcset=\"https:\/\/www.bibliotecadeseguranca.com.br\/fr\/wp-content\/uploads\/2012\/11\/narrativas-da-violencia-analise-regional-textos-de-analise-3.jpg 150w, https:\/\/www.bibliotecadeseguranca.com.br\/fr\/wp-content\/uploads\/2012\/11\/narrativas-da-violencia-analise-regional-textos-de-analise-3-106x150.jpg 106w\" sizes=\"auto, (max-width: 150px) 100vw, 150px\" \/>O relat\u00f3rio a seguir apresenta os resultados parciais da primeira etapa do Projeto Juventude e Preven\u00e7\u00e3o da Viol\u00eancia, realizado pelo Minist\u00e9rio da Justi\u00e7a no \u00e2mbito do Programa Nacional de Seguran\u00e7a com Cidadania (Pronasci), em parceria com o F\u00f3rum Brasileiro de Seguran\u00e7a P\u00fablica, o Instituto Latino Americano das Na\u00e7\u00f5es Unidas para a Preven\u00e7\u00e3o do Delito e Tratamento do Delinquente (Ilanud) e o Instituto Sou da Paz.<\/p>\n<p>Nesta etapa, denominada \u201cNarrativas da Viol\u00eancia\u201d, em vez de um panorama em ampla escala com base em estat\u00edsticas sobre a popula\u00e7\u00e3o jovem, buscou-se um enfoque regional, contemplando as cinco regi\u00f5es do pa\u00eds (Norte, Nordeste, Centro-Oeste, Sudeste e Sul) e, ao mesmo tempo, procurando matizar as poss\u00edveis diferen\u00e7as entre elas.<\/p>\n<p><a title=\"Narrativas da Viol\u00eancia - An\u00e1lise regional - Textos de An\u00e1lise 3\" href=\"http:\/\/www2.forumseguranca.org.br\/node\/27185\" target=\"_blank\"><img loading=\"lazy\" decoding=\"async\" class=\"alignleft size-full wp-image-11252\" src=\"http:\/\/www.bibliotecadeseguranca.com.br\/fr\/wp-content\/uploads\/2014\/08\/descargar.gif\" alt=\"Descargar\" width=\"93\" height=\"25\" \/><\/a><\/p>\n","protected":false},"excerpt":{"rendered":"<p>O relat\u00f3rio a seguir apresenta os resultados parciais da primeira etapa do Projeto Juventude e Preven\u00e7\u00e3o da Viol\u00eancia, realizado pelo Minist\u00e9rio da Justi\u00e7a no \u00e2mbito do Programa Nacional de Seguran\u00e7a com Cidadania (Pronasci), em parceria com o F\u00f3rum Brasileiro de Seguran\u00e7a P\u00fablica, o Instituto Latino Americano das Na\u00e7\u00f5es Unidas para a Preven\u00e7\u00e3o do Delito e Tratamento do Delinquente (Ilanud) e o Instituto Sou da Paz. Nesta etapa, denominada \u201cNarrativas da&hellip; <\/p>\n","protected":false},"author":3,"featured_media":4642,"comment_status":"open","ping_status":"closed","sticky":false,"template":"","format":"standard","meta":{"footnotes":""},"categories":[6,25,112],"tags":[],"class_list":["post-4641","post","type-post","status-publish","format-standard","has-post-thumbnail","hentry","category-livros","category-seguranca-publica-e-defesa","category-download"],"views":206,"_links":{"self":[{"href":"https:\/\/www.bibliotecadeseguranca.com.br\/fr\/wp-json\/wp\/v2\/posts\/4641","targetHints":{"allow":["GET"]}}],"collection":[{"href":"https:\/\/www.bibliotecadeseguranca.com.br\/fr\/wp-json\/wp\/v2\/posts"}],"about":[{"href":"https:\/\/www.bibliotecadeseguranca.com.br\/fr\/wp-json\/wp\/v2\/types\/post"}],"author":[{"embeddable":true,"href":"https:\/\/www.bibliotecadeseguranca.com.br\/fr\/wp-json\/wp\/v2\/users\/3"}],"replies":[{"embeddable":true,"href":"https:\/\/www.bibliotecadeseguranca.com.br\/fr\/wp-json\/wp\/v2\/comments?post=4641"}],"version-history":[{"count":5,"href":"https:\/\/www.bibliotecadeseguranca.com.br\/fr\/wp-json\/wp\/v2\/posts\/4641\/revisions"}],"predecessor-version":[{"id":11289,"href":"https:\/\/www.bibliotecadeseguranca.com.br\/fr\/wp-json\/wp\/v2\/posts\/4641\/revisions\/11289"}],"wp:featuredmedia":[{"embeddable":true,"href":"https:\/\/www.bibliotecadeseguranca.com.br\/fr\/wp-json\/wp\/v2\/media\/4642"}],"wp:attachment":[{"href":"https:\/\/www.bibliotecadeseguranca.com.br\/fr\/wp-json\/wp\/v2\/media?parent=4641"}],"wp:term":[{"taxonomy":"category","embeddable":true,"href":"https:\/\/www.bibliotecadeseguranca.com.br\/fr\/wp-json\/wp\/v2\/categories?post=4641"},{"taxonomy":"post_tag","embeddable":true,"href":"https:\/\/www.bibliotecadeseguranca.com.br\/fr\/wp-json\/wp\/v2\/tags?post=4641"}],"curies":[{"name":"wp","href":"https:\/\/api.w.org\/{rel}","templated":true}]}}