{"id":4637,"date":"2012-11-26T21:36:57","date_gmt":"2012-11-27T00:36:57","guid":{"rendered":"http:\/\/www.bibliotecadeseguranca.com.br\/fr\/?p=4637"},"modified":"2014-08-21T18:45:34","modified_gmt":"2014-08-21T21:45:34","slug":"proposta-de-metodologia-de-indicador-intraurbano-para-focalizacao-de-acoes-de-prevencao-a-violencia-textos-de-analise-2","status":"publish","type":"post","link":"https:\/\/www.bibliotecadeseguranca.com.br\/fr\/livros\/proposta-de-metodologia-de-indicador-intraurbano-para-focalizacao-de-acoes-de-prevencao-a-violencia-textos-de-analise-2\/","title":{"rendered":"Proposta de Metodologia de Indicador Intraurbano para Focaliza\u00e7\u00e3o de A\u00e7\u00f5es de Preven\u00e7\u00e3o \u00e0 Viol\u00eancia &#8211; Textos de An\u00e1lise 2"},"content":{"rendered":"<p><img loading=\"lazy\" decoding=\"async\" class=\"alignleft size-full wp-image-4638\" title=\"Proposta de Metodologia de Indicador Intraurbano para Focaliza\u00e7\u00e3o de A\u00e7\u00f5es de Preven\u00e7\u00e3o \u00e0 Viol\u00eancia - Textos de An\u00e1lise 2\" alt=\"\" src=\"http:\/\/www.bibliotecadeseguranca.com.br\/fr\/wp-content\/uploads\/2012\/11\/proposta-de-metodologia-de-indicador-intraurbano-para-focalizacao-de-acoes-de-prevencao-a-violencia-textos-de-analise-2.jpg\" width=\"150\" height=\"212\" srcset=\"https:\/\/www.bibliotecadeseguranca.com.br\/fr\/wp-content\/uploads\/2012\/11\/proposta-de-metodologia-de-indicador-intraurbano-para-focalizacao-de-acoes-de-prevencao-a-violencia-textos-de-analise-2.jpg 150w, https:\/\/www.bibliotecadeseguranca.com.br\/fr\/wp-content\/uploads\/2012\/11\/proposta-de-metodologia-de-indicador-intraurbano-para-focalizacao-de-acoes-de-prevencao-a-violencia-textos-de-analise-2-106x150.jpg 106w\" sizes=\"auto, (max-width: 150px) 100vw, 150px\" \/>O documento ora apresentado corresponde ao aprofundamento da an\u00e1lise sobre a associa\u00e7\u00e3o entre territ\u00f3rios urbanos, viol\u00eancia e juventude. Trata-se de um desdobramento do projeto Juventude e Preven\u00e7\u00e3o da Viol\u00eancia, realizado por meio de Termo de Parceria entre o Minist\u00e9rio da Justi\u00e7a e o F\u00f3rum Brasileiro de Seguran\u00e7a P\u00fablica, no final de 2008. Assim, disponibilizam-se aos gestores p\u00fablicos instrumentos cujas informa\u00e7\u00f5es permitem aumentar a efici\u00eancia de suas a\u00e7\u00f5es no \u00e2mbito da preven\u00e7\u00e3o, fortalecendo-se a capacidade de interven\u00e7\u00e3o social e mudan\u00e7a da realidade.<\/p>\n<p><a title=\"Proposta de Metodologia de Indicador Intraurbano para Focaliza\u00e7\u00e3o de A\u00e7\u00f5es de Preven\u00e7\u00e3o \u00e0 Viol\u00eancia - Textos de An\u00e1lise 2\" href=\"http:\/\/www2.forumseguranca.org.br\/node\/27186\" target=\"_blank\"><img loading=\"lazy\" decoding=\"async\" class=\"alignleft size-full wp-image-11252\" src=\"http:\/\/www.bibliotecadeseguranca.com.br\/fr\/wp-content\/uploads\/2014\/08\/descargar.gif\" alt=\"Descargar\" width=\"93\" height=\"25\" \/><\/a><\/p>\n","protected":false},"excerpt":{"rendered":"<p>O documento ora apresentado corresponde ao aprofundamento da an\u00e1lise sobre a associa\u00e7\u00e3o entre territ\u00f3rios urbanos, viol\u00eancia e juventude. Trata-se de um desdobramento do projeto Juventude e Preven\u00e7\u00e3o da Viol\u00eancia, realizado por meio de Termo de Parceria entre o Minist\u00e9rio da Justi\u00e7a e o F\u00f3rum Brasileiro de Seguran\u00e7a P\u00fablica, no final de 2008. Assim, disponibilizam-se aos gestores p\u00fablicos instrumentos cujas informa\u00e7\u00f5es permitem aumentar a efici\u00eancia de suas a\u00e7\u00f5es no \u00e2mbito da&hellip; <\/p>\n","protected":false},"author":3,"featured_media":4638,"comment_status":"open","ping_status":"closed","sticky":false,"template":"","format":"standard","meta":{"footnotes":""},"categories":[6,25,112],"tags":[],"class_list":["post-4637","post","type-post","status-publish","format-standard","has-post-thumbnail","hentry","category-livros","category-seguranca-publica-e-defesa","category-download"],"views":251,"_links":{"self":[{"href":"https:\/\/www.bibliotecadeseguranca.com.br\/fr\/wp-json\/wp\/v2\/posts\/4637","targetHints":{"allow":["GET"]}}],"collection":[{"href":"https:\/\/www.bibliotecadeseguranca.com.br\/fr\/wp-json\/wp\/v2\/posts"}],"about":[{"href":"https:\/\/www.bibliotecadeseguranca.com.br\/fr\/wp-json\/wp\/v2\/types\/post"}],"author":[{"embeddable":true,"href":"https:\/\/www.bibliotecadeseguranca.com.br\/fr\/wp-json\/wp\/v2\/users\/3"}],"replies":[{"embeddable":true,"href":"https:\/\/www.bibliotecadeseguranca.com.br\/fr\/wp-json\/wp\/v2\/comments?post=4637"}],"version-history":[{"count":5,"href":"https:\/\/www.bibliotecadeseguranca.com.br\/fr\/wp-json\/wp\/v2\/posts\/4637\/revisions"}],"predecessor-version":[{"id":11288,"href":"https:\/\/www.bibliotecadeseguranca.com.br\/fr\/wp-json\/wp\/v2\/posts\/4637\/revisions\/11288"}],"wp:featuredmedia":[{"embeddable":true,"href":"https:\/\/www.bibliotecadeseguranca.com.br\/fr\/wp-json\/wp\/v2\/media\/4638"}],"wp:attachment":[{"href":"https:\/\/www.bibliotecadeseguranca.com.br\/fr\/wp-json\/wp\/v2\/media?parent=4637"}],"wp:term":[{"taxonomy":"category","embeddable":true,"href":"https:\/\/www.bibliotecadeseguranca.com.br\/fr\/wp-json\/wp\/v2\/categories?post=4637"},{"taxonomy":"post_tag","embeddable":true,"href":"https:\/\/www.bibliotecadeseguranca.com.br\/fr\/wp-json\/wp\/v2\/tags?post=4637"}],"curies":[{"name":"wp","href":"https:\/\/api.w.org\/{rel}","templated":true}]}}