{"id":4634,"date":"2012-11-26T21:31:26","date_gmt":"2012-11-27T00:31:26","guid":{"rendered":"http:\/\/www.bibliotecadeseguranca.com.br\/fr\/?p=4634"},"modified":"2014-08-21T18:45:28","modified_gmt":"2014-08-21T21:45:28","slug":"analise-do-impacto-do-pronasci-na-regiao-metropolitana-de-sao-paulo-textos-de-analise-1","status":"publish","type":"post","link":"https:\/\/www.bibliotecadeseguranca.com.br\/fr\/livros\/analise-do-impacto-do-pronasci-na-regiao-metropolitana-de-sao-paulo-textos-de-analise-1\/","title":{"rendered":"An\u00e1lise do Impacto do Pronasci na Regi\u00e3o Metropolitana de S\u00e3o Paulo &#8211; Textos de An\u00e1lise 1"},"content":{"rendered":"<p><img loading=\"lazy\" decoding=\"async\" class=\"alignleft size-full wp-image-4635\" title=\"An\u00e1lise do Impacto do Pronasci na Regi\u00e3o Metropolitana de S\u00e3o Paulo - Texto de An\u00e1lise 1\" alt=\"\" src=\"http:\/\/www.bibliotecadeseguranca.com.br\/fr\/wp-content\/uploads\/2012\/11\/analise-do-impacto-do-pronasci-na-regiao-metropolitana-de-sao-paulo-texto-de-analise-1.jpg\" width=\"150\" height=\"212\" srcset=\"https:\/\/www.bibliotecadeseguranca.com.br\/fr\/wp-content\/uploads\/2012\/11\/analise-do-impacto-do-pronasci-na-regiao-metropolitana-de-sao-paulo-texto-de-analise-1.jpg 150w, https:\/\/www.bibliotecadeseguranca.com.br\/fr\/wp-content\/uploads\/2012\/11\/analise-do-impacto-do-pronasci-na-regiao-metropolitana-de-sao-paulo-texto-de-analise-1-106x150.jpg 106w\" sizes=\"auto, (max-width: 150px) 100vw, 150px\" \/>A proposta deste projeto \u00e9 fazer uma primeira avalia\u00e7\u00e3o tentativa dos efeitos do programa nos munic\u00edpios onde os investimentos n\u00e3o foram nem t\u00e3o focados nem t\u00e3o expressivos quanto nos territ\u00f3rios de paz, utilizando como indicadores as dimens\u00f5es vitimiza\u00e7\u00e3o, avalia\u00e7\u00e3o da seguran\u00e7a e pol\u00edcia e exposi\u00e7\u00e3o dos jovens \u00e0 viol\u00eancia e \u00e0 desordem urbana. Tamb\u00e9m ser\u00e1 analisada a evolu\u00e7\u00e3o de alguns indicadores criminais atrav\u00e9s das estat\u00edsticas oficiais, como homic\u00eddio doloso, les\u00e3o corporal dolosa, furtos e roubos de ve\u00edculos e furtos e roubos outros.<\/p>\n<p>Antecipamos desde j\u00e1 que, por uma s\u00e9rie de fatores que ser\u00e3o detalhados abaixo, n\u00e3o esperamos encontrar um grande impacto do Pronasci nas dimens\u00f5es escolhidas, pois as iniciativas nos munic\u00edpios s\u00e3o ainda recentes, incipientes e demasiado pulverizadas para serem notadas pela popula\u00e7\u00e3o em geral. Contudo, consideramos importante monitorar estes efeitos desde j\u00e1, uma vez que se trata de projeto de m\u00e9dio prazo e envolve recursos expressivos. O artigo pode ajudar a estabelecer esta \u201clinha de base\u201d para a avalia\u00e7\u00e3o do Pronasci, bem como ajudar a refletir sobre quais os indicadores e metodologias adequados para avaliar o programa ou outros do mesmo g\u00eanero.<\/p>\n<p><a title=\"An\u00e1lise do Impacto do Pronasci na Regi\u00e3o Metropolitana de S\u00e3o Paulo - Texto de An\u00e1lise 1\" href=\"http:\/\/www2.forumseguranca.org.br\/node\/27187\" target=\"_blank\"><img loading=\"lazy\" decoding=\"async\" class=\"alignleft size-full wp-image-11252\" src=\"http:\/\/www.bibliotecadeseguranca.com.br\/fr\/wp-content\/uploads\/2014\/08\/descargar.gif\" alt=\"Descargar\" width=\"93\" height=\"25\" \/><\/a><\/p>\n","protected":false},"excerpt":{"rendered":"<p>A proposta deste projeto \u00e9 fazer uma primeira avalia\u00e7\u00e3o tentativa dos efeitos do programa nos munic\u00edpios onde os investimentos n\u00e3o foram nem t\u00e3o focados nem t\u00e3o expressivos quanto nos territ\u00f3rios de paz, utilizando como indicadores as dimens\u00f5es vitimiza\u00e7\u00e3o, avalia\u00e7\u00e3o da seguran\u00e7a e pol\u00edcia e exposi\u00e7\u00e3o dos jovens \u00e0 viol\u00eancia e \u00e0 desordem urbana. Tamb\u00e9m ser\u00e1 analisada a evolu\u00e7\u00e3o de alguns indicadores criminais atrav\u00e9s das estat\u00edsticas oficiais, como homic\u00eddio doloso, les\u00e3o&hellip; <\/p>\n","protected":false},"author":3,"featured_media":4635,"comment_status":"open","ping_status":"closed","sticky":false,"template":"","format":"standard","meta":{"footnotes":""},"categories":[6,25,112],"tags":[],"class_list":["post-4634","post","type-post","status-publish","format-standard","has-post-thumbnail","hentry","category-livros","category-seguranca-publica-e-defesa","category-download"],"views":372,"_links":{"self":[{"href":"https:\/\/www.bibliotecadeseguranca.com.br\/fr\/wp-json\/wp\/v2\/posts\/4634","targetHints":{"allow":["GET"]}}],"collection":[{"href":"https:\/\/www.bibliotecadeseguranca.com.br\/fr\/wp-json\/wp\/v2\/posts"}],"about":[{"href":"https:\/\/www.bibliotecadeseguranca.com.br\/fr\/wp-json\/wp\/v2\/types\/post"}],"author":[{"embeddable":true,"href":"https:\/\/www.bibliotecadeseguranca.com.br\/fr\/wp-json\/wp\/v2\/users\/3"}],"replies":[{"embeddable":true,"href":"https:\/\/www.bibliotecadeseguranca.com.br\/fr\/wp-json\/wp\/v2\/comments?post=4634"}],"version-history":[{"count":6,"href":"https:\/\/www.bibliotecadeseguranca.com.br\/fr\/wp-json\/wp\/v2\/posts\/4634\/revisions"}],"predecessor-version":[{"id":11287,"href":"https:\/\/www.bibliotecadeseguranca.com.br\/fr\/wp-json\/wp\/v2\/posts\/4634\/revisions\/11287"}],"wp:featuredmedia":[{"embeddable":true,"href":"https:\/\/www.bibliotecadeseguranca.com.br\/fr\/wp-json\/wp\/v2\/media\/4635"}],"wp:attachment":[{"href":"https:\/\/www.bibliotecadeseguranca.com.br\/fr\/wp-json\/wp\/v2\/media?parent=4634"}],"wp:term":[{"taxonomy":"category","embeddable":true,"href":"https:\/\/www.bibliotecadeseguranca.com.br\/fr\/wp-json\/wp\/v2\/categories?post=4634"},{"taxonomy":"post_tag","embeddable":true,"href":"https:\/\/www.bibliotecadeseguranca.com.br\/fr\/wp-json\/wp\/v2\/tags?post=4634"}],"curies":[{"name":"wp","href":"https:\/\/api.w.org\/{rel}","templated":true}]}}