{"id":4578,"date":"2012-11-25T21:27:18","date_gmt":"2012-11-26T00:27:18","guid":{"rendered":"http:\/\/www.bibliotecadeseguranca.com.br\/fr\/?p=4578"},"modified":"2016-04-16T22:38:36","modified_gmt":"2016-04-17T01:38:36","slug":"anuario-brasileiro-de-seguranca-publica-2012","status":"publish","type":"post","link":"https:\/\/www.bibliotecadeseguranca.com.br\/fr\/livros\/anuario-brasileiro-de-seguranca-publica-2012\/","title":{"rendered":"Anu\u00e1rio Brasileiro de Seguran\u00e7a P\u00fablica 2012"},"content":{"rendered":"<p><img loading=\"lazy\" decoding=\"async\" class=\"alignleft size-full wp-image-4579\" title=\"Anu\u00e1rio Brasileiro de Seguran\u00e7a P\u00fablica 2012\" src=\"http:\/\/www.bibliotecadeseguranca.com.br\/fr\/wp-content\/uploads\/2012\/11\/anuario-brasileiro-de-seguranca-publica-2012.jpg\" alt=\"\" width=\"150\" height=\"212\" srcset=\"https:\/\/www.bibliotecadeseguranca.com.br\/fr\/wp-content\/uploads\/2012\/11\/anuario-brasileiro-de-seguranca-publica-2012.jpg 150w, https:\/\/www.bibliotecadeseguranca.com.br\/fr\/wp-content\/uploads\/2012\/11\/anuario-brasileiro-de-seguranca-publica-2012-106x150.jpg 106w\" sizes=\"auto, (max-width: 150px) 100vw, 150px\" \/>A sexta edi\u00e7\u00e3o do Anu\u00e1rio Brasileiro de Seguran\u00e7a P\u00fablica \u00e9 lan\u00e7ada sob a \u00e9gide de uma importante conquista no campo da seguran\u00e7a p\u00fablica: a aprova\u00e7\u00e3o da Lei 12.681\/2012, que cria o Sistema Nacional de Informa\u00e7\u00f5es de Seguran\u00e7a P\u00fablica, Prisionais e sobre Drogas \u2013 SINESP.<\/p>\n<p>Nesse importante contexto pol\u00edtico, o Anu\u00e1rio Brasileiro de Seguran\u00e7a P\u00fablica se integra aos esfor\u00e7os pela constru\u00e7\u00e3o de um debate qualificado sobre as reformas no campo da seguran\u00e7a p\u00fablica no Brasil, trazendo insumos para an\u00e1lises em diferentes \u00e2mbitos desse campo, com dados sobre as ocorr\u00eancias criminais, um panorama do sistema prisional brasileiro, dados sobre a evolu\u00e7\u00e3o dos gastos com a \u00e1rea da seguran\u00e7a p\u00fablica pela Uni\u00e3o e estados, um panorama sobre os efetivos e sal\u00e1rios das for\u00e7as policiais, al\u00e9m de textos de an\u00e1lise para subsidiar este debate.<\/p>\n<p><a href=\"http:\/\/www.bibliotecadeseguranca.com.br\/wp-content\/uploads\/2016\/04\/anuario_2012.pdf\" target=\"_blank\"><img loading=\"lazy\" decoding=\"async\" class=\"alignleft wp-image-12143 size-full\" src=\"http:\/\/www.bibliotecadeseguranca.com.br\/fr\/wp-content\/uploads\/2015\/03\/download_fr.gif\" alt=\"T\u00e9l\u00e9charger\" width=\"107\" height=\"25\" \/><\/a><\/p>\n<p>&nbsp;<\/p>\n","protected":false},"excerpt":{"rendered":"<p>A sexta edi\u00e7\u00e3o do Anu\u00e1rio Brasileiro de Seguran\u00e7a P\u00fablica \u00e9 lan\u00e7ada sob a \u00e9gide de uma importante conquista no campo da seguran\u00e7a p\u00fablica: a aprova\u00e7\u00e3o da Lei 12.681\/2012, que cria o Sistema Nacional de Informa\u00e7\u00f5es de Seguran\u00e7a P\u00fablica, Prisionais e sobre Drogas \u2013 SINESP. Nesse importante contexto pol\u00edtico, o Anu\u00e1rio Brasileiro de Seguran\u00e7a P\u00fablica se integra aos esfor\u00e7os pela constru\u00e7\u00e3o de um debate qualificado sobre as reformas no campo da&hellip; <\/p>\n","protected":false},"author":3,"featured_media":4579,"comment_status":"open","ping_status":"closed","sticky":false,"template":"","format":"standard","meta":{"footnotes":""},"categories":[6,25,112],"tags":[],"class_list":["post-4578","post","type-post","status-publish","format-standard","has-post-thumbnail","hentry","category-livros","category-seguranca-publica-e-defesa","category-download"],"views":239,"_links":{"self":[{"href":"https:\/\/www.bibliotecadeseguranca.com.br\/fr\/wp-json\/wp\/v2\/posts\/4578","targetHints":{"allow":["GET"]}}],"collection":[{"href":"https:\/\/www.bibliotecadeseguranca.com.br\/fr\/wp-json\/wp\/v2\/posts"}],"about":[{"href":"https:\/\/www.bibliotecadeseguranca.com.br\/fr\/wp-json\/wp\/v2\/types\/post"}],"author":[{"embeddable":true,"href":"https:\/\/www.bibliotecadeseguranca.com.br\/fr\/wp-json\/wp\/v2\/users\/3"}],"replies":[{"embeddable":true,"href":"https:\/\/www.bibliotecadeseguranca.com.br\/fr\/wp-json\/wp\/v2\/comments?post=4578"}],"version-history":[{"count":6,"href":"https:\/\/www.bibliotecadeseguranca.com.br\/fr\/wp-json\/wp\/v2\/posts\/4578\/revisions"}],"predecessor-version":[{"id":13044,"href":"https:\/\/www.bibliotecadeseguranca.com.br\/fr\/wp-json\/wp\/v2\/posts\/4578\/revisions\/13044"}],"wp:featuredmedia":[{"embeddable":true,"href":"https:\/\/www.bibliotecadeseguranca.com.br\/fr\/wp-json\/wp\/v2\/media\/4579"}],"wp:attachment":[{"href":"https:\/\/www.bibliotecadeseguranca.com.br\/fr\/wp-json\/wp\/v2\/media?parent=4578"}],"wp:term":[{"taxonomy":"category","embeddable":true,"href":"https:\/\/www.bibliotecadeseguranca.com.br\/fr\/wp-json\/wp\/v2\/categories?post=4578"},{"taxonomy":"post_tag","embeddable":true,"href":"https:\/\/www.bibliotecadeseguranca.com.br\/fr\/wp-json\/wp\/v2\/tags?post=4578"}],"curies":[{"name":"wp","href":"https:\/\/api.w.org\/{rel}","templated":true}]}}