{"id":4575,"date":"2012-11-25T21:23:55","date_gmt":"2012-11-26T00:23:55","guid":{"rendered":"http:\/\/www.bibliotecadeseguranca.com.br\/fr\/?p=4575"},"modified":"2016-04-16T22:37:54","modified_gmt":"2016-04-17T01:37:54","slug":"anuario-brasileiro-de-seguranca-publica-2011","status":"publish","type":"post","link":"https:\/\/www.bibliotecadeseguranca.com.br\/fr\/livros\/anuario-brasileiro-de-seguranca-publica-2011\/","title":{"rendered":"Anu\u00e1rio Brasileiro de Seguran\u00e7a P\u00fablica 2011"},"content":{"rendered":"<p><img loading=\"lazy\" decoding=\"async\" class=\"alignleft size-full wp-image-4576\" title=\"Anu\u00e1rio Brasileiro de Seguran\u00e7a P\u00fablica 2011\" src=\"http:\/\/www.bibliotecadeseguranca.com.br\/fr\/wp-content\/uploads\/2012\/11\/anuario-brasileiro-de-seguranca-publica-2011.jpg\" alt=\"\" width=\"150\" height=\"211\" srcset=\"https:\/\/www.bibliotecadeseguranca.com.br\/fr\/wp-content\/uploads\/2012\/11\/anuario-brasileiro-de-seguranca-publica-2011.jpg 150w, https:\/\/www.bibliotecadeseguranca.com.br\/fr\/wp-content\/uploads\/2012\/11\/anuario-brasileiro-de-seguranca-publica-2011-106x150.jpg 106w\" sizes=\"auto, (max-width: 150px) 100vw, 150px\" \/>O Anu\u00e1rio do F\u00f3rum Brasileiro de Seguran\u00e7a P\u00fablica chega a sua quinta edi\u00e7\u00e3o, e vem se consolidando como uma das principais ferramentas de dissemina\u00e7\u00e3o de dados e estat\u00edsticas sobre a \u00e1rea de seguran\u00e7a p\u00fablica. S\u00e3o cinco anos de esfor\u00e7os e investimentos na compila\u00e7\u00e3o de informa\u00e7\u00f5es sobre as diferentes dimens\u00f5es envolvidas nas pol\u00edticas nesse campo e nas a\u00e7\u00f5es das pol\u00edcias brasileiras.<\/p>\n<p>Nesta edi\u00e7\u00e3o, s\u00e3o compilados dados sobre ocorr\u00eancias criminais, despesas com seguran\u00e7a p\u00fablica, efetivos policiais, popula\u00e7\u00e3o carcer\u00e1ria e adolescentes em conflito com a lei. Na se\u00e7\u00e3o de textos, an\u00e1lises sobre as percep\u00e7\u00f5es sociais sobre justi\u00e7a e seguran\u00e7a p\u00fablica e a nova metodologia para c\u00e1lculo dos grupos de qualidade das estat\u00edsticas criminais.<\/p>\n<p><a href=\"http:\/\/www.bibliotecadeseguranca.com.br\/wp-content\/uploads\/2016\/04\/anuario_2011.pdf\" target=\"_blank\"><img loading=\"lazy\" decoding=\"async\" class=\"alignleft wp-image-12143 size-full\" src=\"http:\/\/www.bibliotecadeseguranca.com.br\/fr\/wp-content\/uploads\/2015\/03\/download_fr.gif\" alt=\"T\u00e9l\u00e9charger\" width=\"107\" height=\"25\" \/><\/a><\/p>\n<p>&nbsp;<\/p>\n","protected":false},"excerpt":{"rendered":"<p>O Anu\u00e1rio do F\u00f3rum Brasileiro de Seguran\u00e7a P\u00fablica chega a sua quinta edi\u00e7\u00e3o, e vem se consolidando como uma das principais ferramentas de dissemina\u00e7\u00e3o de dados e estat\u00edsticas sobre a \u00e1rea de seguran\u00e7a p\u00fablica. S\u00e3o cinco anos de esfor\u00e7os e investimentos na compila\u00e7\u00e3o de informa\u00e7\u00f5es sobre as diferentes dimens\u00f5es envolvidas nas pol\u00edticas nesse campo e nas a\u00e7\u00f5es das pol\u00edcias brasileiras. Nesta edi\u00e7\u00e3o, s\u00e3o compilados dados sobre ocorr\u00eancias criminais, despesas com&hellip; <\/p>\n","protected":false},"author":3,"featured_media":4576,"comment_status":"open","ping_status":"closed","sticky":false,"template":"","format":"standard","meta":{"footnotes":""},"categories":[6,25,112],"tags":[],"class_list":["post-4575","post","type-post","status-publish","format-standard","has-post-thumbnail","hentry","category-livros","category-seguranca-publica-e-defesa","category-download"],"views":247,"_links":{"self":[{"href":"https:\/\/www.bibliotecadeseguranca.com.br\/fr\/wp-json\/wp\/v2\/posts\/4575","targetHints":{"allow":["GET"]}}],"collection":[{"href":"https:\/\/www.bibliotecadeseguranca.com.br\/fr\/wp-json\/wp\/v2\/posts"}],"about":[{"href":"https:\/\/www.bibliotecadeseguranca.com.br\/fr\/wp-json\/wp\/v2\/types\/post"}],"author":[{"embeddable":true,"href":"https:\/\/www.bibliotecadeseguranca.com.br\/fr\/wp-json\/wp\/v2\/users\/3"}],"replies":[{"embeddable":true,"href":"https:\/\/www.bibliotecadeseguranca.com.br\/fr\/wp-json\/wp\/v2\/comments?post=4575"}],"version-history":[{"count":6,"href":"https:\/\/www.bibliotecadeseguranca.com.br\/fr\/wp-json\/wp\/v2\/posts\/4575\/revisions"}],"predecessor-version":[{"id":13043,"href":"https:\/\/www.bibliotecadeseguranca.com.br\/fr\/wp-json\/wp\/v2\/posts\/4575\/revisions\/13043"}],"wp:featuredmedia":[{"embeddable":true,"href":"https:\/\/www.bibliotecadeseguranca.com.br\/fr\/wp-json\/wp\/v2\/media\/4576"}],"wp:attachment":[{"href":"https:\/\/www.bibliotecadeseguranca.com.br\/fr\/wp-json\/wp\/v2\/media?parent=4575"}],"wp:term":[{"taxonomy":"category","embeddable":true,"href":"https:\/\/www.bibliotecadeseguranca.com.br\/fr\/wp-json\/wp\/v2\/categories?post=4575"},{"taxonomy":"post_tag","embeddable":true,"href":"https:\/\/www.bibliotecadeseguranca.com.br\/fr\/wp-json\/wp\/v2\/tags?post=4575"}],"curies":[{"name":"wp","href":"https:\/\/api.w.org\/{rel}","templated":true}]}}