{"id":4572,"date":"2012-11-25T21:18:55","date_gmt":"2012-11-26T00:18:55","guid":{"rendered":"http:\/\/www.bibliotecadeseguranca.com.br\/fr\/?p=4572"},"modified":"2016-04-16T22:37:18","modified_gmt":"2016-04-17T01:37:18","slug":"anuario-2010-do-forum-brasileiro-de-seguranca-publica","status":"publish","type":"post","link":"https:\/\/www.bibliotecadeseguranca.com.br\/fr\/livros\/anuario-2010-do-forum-brasileiro-de-seguranca-publica\/","title":{"rendered":"Anu\u00e1rio 2010 do F\u00f3rum Brasileiro de Seguran\u00e7a P\u00fablica"},"content":{"rendered":"<p><img loading=\"lazy\" decoding=\"async\" class=\"alignleft size-full wp-image-4573\" title=\"Anu\u00e1rio 2010 do F\u00f3rum Brasileiro de Seguran\u00e7a P\u00fablica\" src=\"http:\/\/www.bibliotecadeseguranca.com.br\/fr\/wp-content\/uploads\/2012\/11\/anuario-2010-do-forum-brasileiro-de-seguranca-publica.jpg\" alt=\"\" width=\"150\" height=\"211\" srcset=\"https:\/\/www.bibliotecadeseguranca.com.br\/fr\/wp-content\/uploads\/2012\/11\/anuario-2010-do-forum-brasileiro-de-seguranca-publica.jpg 150w, https:\/\/www.bibliotecadeseguranca.com.br\/fr\/wp-content\/uploads\/2012\/11\/anuario-2010-do-forum-brasileiro-de-seguranca-publica-106x150.jpg 106w\" sizes=\"auto, (max-width: 150px) 100vw, 150px\" \/>Na edi\u00e7\u00e3o de 2010 do Anu\u00e1rio do F\u00f3rum Brasileiro de Seguran\u00e7a P\u00fablica, s\u00e3o compilados dados sobre despesas com seguran\u00e7a p\u00fablica, ocorr\u00eancias criminais, efetivos policiais, presos provis\u00f3rios, juventude e viol\u00eancia e atua\u00e7\u00e3o dos munic\u00edpios na seguran\u00e7a p\u00fablica. As informa\u00e7\u00f5es ora publicadas mostram que a seguran\u00e7a continua sendo um dos pontos centrais da agenda pol\u00edtica brasileira e parecem indicar a conforma\u00e7\u00e3o, no per\u00edodo 2003-2009, de um novo pacto federativo no qual novos atores entram em cena. Essa reconfigura\u00e7\u00e3o explicita o necess\u00e1rio debate sobre o modelo de organiza\u00e7\u00e3o da seguran\u00e7a p\u00fablica vigente hoje no pa\u00eds.<\/p>\n<p><a href=\"http:\/\/www.bibliotecadeseguranca.com.br\/wp-content\/uploads\/2016\/04\/anuario_2010.pdf\" target=\"_blank\"><img loading=\"lazy\" decoding=\"async\" class=\"alignleft wp-image-12143 size-full\" src=\"http:\/\/www.bibliotecadeseguranca.com.br\/fr\/wp-content\/uploads\/2015\/03\/download_fr.gif\" alt=\"T\u00e9l\u00e9charger\" width=\"107\" height=\"25\" \/><\/a><\/p>\n<p>&nbsp;<\/p>\n","protected":false},"excerpt":{"rendered":"<p>Na edi\u00e7\u00e3o de 2010 do Anu\u00e1rio do F\u00f3rum Brasileiro de Seguran\u00e7a P\u00fablica, s\u00e3o compilados dados sobre despesas com seguran\u00e7a p\u00fablica, ocorr\u00eancias criminais, efetivos policiais, presos provis\u00f3rios, juventude e viol\u00eancia e atua\u00e7\u00e3o dos munic\u00edpios na seguran\u00e7a p\u00fablica. As informa\u00e7\u00f5es ora publicadas mostram que a seguran\u00e7a continua sendo um dos pontos centrais da agenda pol\u00edtica brasileira e parecem indicar a conforma\u00e7\u00e3o, no per\u00edodo 2003-2009, de um novo pacto federativo no qual novos&hellip; <\/p>\n","protected":false},"author":3,"featured_media":4573,"comment_status":"open","ping_status":"closed","sticky":false,"template":"","format":"standard","meta":{"footnotes":""},"categories":[6,25,112],"tags":[],"class_list":["post-4572","post","type-post","status-publish","format-standard","has-post-thumbnail","hentry","category-livros","category-seguranca-publica-e-defesa","category-download"],"views":259,"_links":{"self":[{"href":"https:\/\/www.bibliotecadeseguranca.com.br\/fr\/wp-json\/wp\/v2\/posts\/4572","targetHints":{"allow":["GET"]}}],"collection":[{"href":"https:\/\/www.bibliotecadeseguranca.com.br\/fr\/wp-json\/wp\/v2\/posts"}],"about":[{"href":"https:\/\/www.bibliotecadeseguranca.com.br\/fr\/wp-json\/wp\/v2\/types\/post"}],"author":[{"embeddable":true,"href":"https:\/\/www.bibliotecadeseguranca.com.br\/fr\/wp-json\/wp\/v2\/users\/3"}],"replies":[{"embeddable":true,"href":"https:\/\/www.bibliotecadeseguranca.com.br\/fr\/wp-json\/wp\/v2\/comments?post=4572"}],"version-history":[{"count":6,"href":"https:\/\/www.bibliotecadeseguranca.com.br\/fr\/wp-json\/wp\/v2\/posts\/4572\/revisions"}],"predecessor-version":[{"id":13042,"href":"https:\/\/www.bibliotecadeseguranca.com.br\/fr\/wp-json\/wp\/v2\/posts\/4572\/revisions\/13042"}],"wp:featuredmedia":[{"embeddable":true,"href":"https:\/\/www.bibliotecadeseguranca.com.br\/fr\/wp-json\/wp\/v2\/media\/4573"}],"wp:attachment":[{"href":"https:\/\/www.bibliotecadeseguranca.com.br\/fr\/wp-json\/wp\/v2\/media?parent=4572"}],"wp:term":[{"taxonomy":"category","embeddable":true,"href":"https:\/\/www.bibliotecadeseguranca.com.br\/fr\/wp-json\/wp\/v2\/categories?post=4572"},{"taxonomy":"post_tag","embeddable":true,"href":"https:\/\/www.bibliotecadeseguranca.com.br\/fr\/wp-json\/wp\/v2\/tags?post=4572"}],"curies":[{"name":"wp","href":"https:\/\/api.w.org\/{rel}","templated":true}]}}