{"id":4569,"date":"2012-11-25T21:15:15","date_gmt":"2012-11-26T00:15:15","guid":{"rendered":"http:\/\/www.bibliotecadeseguranca.com.br\/fr\/?p=4569"},"modified":"2016-04-16T22:36:44","modified_gmt":"2016-04-17T01:36:44","slug":"anuario-2009-do-forum-brasileiro-de-seguranca-publica","status":"publish","type":"post","link":"https:\/\/www.bibliotecadeseguranca.com.br\/fr\/livros\/anuario-2009-do-forum-brasileiro-de-seguranca-publica\/","title":{"rendered":"Anu\u00e1rio 2009 do F\u00f3rum Brasileiro de Seguran\u00e7a P\u00fablica"},"content":{"rendered":"<p><img loading=\"lazy\" decoding=\"async\" class=\"alignleft size-full wp-image-4570\" title=\"Anu\u00e1rio 2009 do F\u00f3rum Brasileiro de Seguran\u00e7a P\u00fablica\" src=\"http:\/\/www.bibliotecadeseguranca.com.br\/fr\/wp-content\/uploads\/2012\/11\/anuario-2009-do-forum-brasileiro-de-seguranca-publica.jpg\" alt=\"\" width=\"150\" height=\"212\" srcset=\"https:\/\/www.bibliotecadeseguranca.com.br\/fr\/wp-content\/uploads\/2012\/11\/anuario-2009-do-forum-brasileiro-de-seguranca-publica.jpg 150w, https:\/\/www.bibliotecadeseguranca.com.br\/fr\/wp-content\/uploads\/2012\/11\/anuario-2009-do-forum-brasileiro-de-seguranca-publica-106x150.jpg 106w\" sizes=\"auto, (max-width: 150px) 100vw, 150px\" \/>Como nas edi\u00e7\u00f5es anteriores, o Anu\u00e1rio do F\u00f3rum Brasileiro de Seguran\u00e7a P\u00fablica apresenta as estat\u00edsticas de seguran\u00e7a a partir do levantamento, cruzamento e consolida\u00e7\u00e3o de diversos dados, obtidos na Secretaria Nacional de Seguran\u00e7a P\u00fablica (Senasp), nas secretarias de Seguran\u00e7a dos Estados, no Sistema \u00danico de Sa\u00fade (SUS), na Secretaria do Tesouro Nacional, no Instituto Brasileiro de Geografia e Estat\u00edsticas (IBGE) e nos or\u00e7amentos estaduais. Dessa maneira, o F\u00f3rum Brasileiro de Seguran\u00e7a P\u00fablica reitera a necessidade de o Brasil contar com estat\u00edsticas precisas e uniformes nesse campo para qualificar o acompanhamento e os resultados obtidos com as pol\u00edticas p\u00fablicas de seguran\u00e7a.<\/p>\n<p>\u201cCom mais essa edi\u00e7\u00e3o do Anu\u00e1rio, continuamos o trabalho do F\u00f3rum Brasileiro de Seguran\u00e7a P\u00fablica em prover transpar\u00eancia \u00e0s estat\u00edsticas de seguran\u00e7a p\u00fablica no Pa\u00eds. S\u00f3 com o conhecimento e dissemina\u00e7\u00e3o dessas informa\u00e7\u00f5es podemos construir e executar pol\u00edticas eficientes de combate \u00e0 viol\u00eancia\u201d, afirma o presidente do F\u00f3rum, Humberto Vianna.<\/p>\n<p>O ano de 2008 foi particularmente movimentado para o setor de seguran\u00e7a p\u00fablica no Pa\u00eds. Houve, conforme demonstra o levantamento, eleva\u00e7\u00e3o dos \u00edndices de criminalidade. Aos primeiros sinais da crise financeira internacional, no \u00faltimo trimestre do ano, foram anunciados os primeiros cortes or\u00e7ament\u00e1rios para a \u00e1rea. Pol\u00edcias de v\u00e1rios estados deflagraram movimentos de greve e a\u00e7\u00f5es da Pol\u00edcia Federal foram contestadas, apenas para citar alguns exemplos do ambiente agitado.<\/p>\n<p>Nota-se, por exemplo, que v\u00e1rios Estados deixam de apresentar informa\u00e7\u00f5es, enquanto outros as relatam com defici\u00eancia e at\u00e9 metodologias pr\u00f3prias, dificultando a compreens\u00e3o da realidade. Em Santa Catarina, um caso \u00fanico do Pa\u00eds, os gastos com pessoal e encargos n\u00e3o foram inclu\u00eddos na fun\u00e7\u00e3o Seguran\u00e7a P\u00fablica, o que acabou por posicionar as despesas do Estado em valores muito inferiores aos exercidos pelos demais entes federativos e comprometendo, inclusive, a compara\u00e7\u00e3o com anos anteriores.<\/p>\n<p>\u201cCertamente, a falta de transpar\u00eancia e de padroniza\u00e7\u00e3o das estat\u00edsticas ser\u00e1 um tema relevante que trataremos na 1\u00aa Confer\u00eancia Nacional de Seguran\u00e7a P\u00fablica (Conseg)\u201d, afirma o secret\u00e1rio-geral do F\u00f3rum, Renato S\u00e9rgio de Lima, referindo-se ao encontro a ser promovido pelo Minist\u00e9rio da Justi\u00e7a, de 27 a 30 de agosto, em Bras\u00edlia, e que deve reunir quase 3 mil pessoas a debater o tema.<\/p>\n<p><a href=\"http:\/\/www.bibliotecadeseguranca.com.br\/wp-content\/uploads\/2016\/04\/anuario_2009.pdf\" target=\"_blank\"><img loading=\"lazy\" decoding=\"async\" class=\"alignleft wp-image-12143 size-full\" src=\"http:\/\/www.bibliotecadeseguranca.com.br\/fr\/wp-content\/uploads\/2015\/03\/download_fr.gif\" alt=\"T\u00e9l\u00e9charger\" width=\"107\" height=\"25\" \/><\/a><\/p>\n","protected":false},"excerpt":{"rendered":"<p>Como nas edi\u00e7\u00f5es anteriores, o Anu\u00e1rio do F\u00f3rum Brasileiro de Seguran\u00e7a P\u00fablica apresenta as estat\u00edsticas de seguran\u00e7a a partir do levantamento, cruzamento e consolida\u00e7\u00e3o de diversos dados, obtidos na Secretaria Nacional de Seguran\u00e7a P\u00fablica (Senasp), nas secretarias de Seguran\u00e7a dos Estados, no Sistema \u00danico de Sa\u00fade (SUS), na Secretaria do Tesouro Nacional, no Instituto Brasileiro de Geografia e Estat\u00edsticas (IBGE) e nos or\u00e7amentos estaduais. Dessa maneira, o F\u00f3rum Brasileiro de&hellip; <\/p>\n","protected":false},"author":3,"featured_media":4570,"comment_status":"open","ping_status":"closed","sticky":false,"template":"","format":"standard","meta":{"footnotes":""},"categories":[6,25,112],"tags":[],"class_list":["post-4569","post","type-post","status-publish","format-standard","has-post-thumbnail","hentry","category-livros","category-seguranca-publica-e-defesa","category-download"],"views":466,"_links":{"self":[{"href":"https:\/\/www.bibliotecadeseguranca.com.br\/fr\/wp-json\/wp\/v2\/posts\/4569","targetHints":{"allow":["GET"]}}],"collection":[{"href":"https:\/\/www.bibliotecadeseguranca.com.br\/fr\/wp-json\/wp\/v2\/posts"}],"about":[{"href":"https:\/\/www.bibliotecadeseguranca.com.br\/fr\/wp-json\/wp\/v2\/types\/post"}],"author":[{"embeddable":true,"href":"https:\/\/www.bibliotecadeseguranca.com.br\/fr\/wp-json\/wp\/v2\/users\/3"}],"replies":[{"embeddable":true,"href":"https:\/\/www.bibliotecadeseguranca.com.br\/fr\/wp-json\/wp\/v2\/comments?post=4569"}],"version-history":[{"count":6,"href":"https:\/\/www.bibliotecadeseguranca.com.br\/fr\/wp-json\/wp\/v2\/posts\/4569\/revisions"}],"predecessor-version":[{"id":13041,"href":"https:\/\/www.bibliotecadeseguranca.com.br\/fr\/wp-json\/wp\/v2\/posts\/4569\/revisions\/13041"}],"wp:featuredmedia":[{"embeddable":true,"href":"https:\/\/www.bibliotecadeseguranca.com.br\/fr\/wp-json\/wp\/v2\/media\/4570"}],"wp:attachment":[{"href":"https:\/\/www.bibliotecadeseguranca.com.br\/fr\/wp-json\/wp\/v2\/media?parent=4569"}],"wp:term":[{"taxonomy":"category","embeddable":true,"href":"https:\/\/www.bibliotecadeseguranca.com.br\/fr\/wp-json\/wp\/v2\/categories?post=4569"},{"taxonomy":"post_tag","embeddable":true,"href":"https:\/\/www.bibliotecadeseguranca.com.br\/fr\/wp-json\/wp\/v2\/tags?post=4569"}],"curies":[{"name":"wp","href":"https:\/\/api.w.org\/{rel}","templated":true}]}}