{"id":4553,"date":"2012-11-25T20:30:22","date_gmt":"2012-11-25T23:30:22","guid":{"rendered":"http:\/\/www.bibliotecadeseguranca.com.br\/fr\/?p=4553"},"modified":"2014-08-21T18:48:11","modified_gmt":"2014-08-21T21:48:11","slug":"revista-brasileira-de-seguranca-publica-9","status":"publish","type":"post","link":"https:\/\/www.bibliotecadeseguranca.com.br\/fr\/livros\/revista-brasileira-de-seguranca-publica-9\/","title":{"rendered":"Revista Brasileira de Seguran\u00e7a P\u00fablica 9"},"content":{"rendered":"<p><img loading=\"lazy\" decoding=\"async\" class=\"alignleft size-full wp-image-4554\" title=\"Revista Brasileira de Seguran\u00e7a P\u00fablica 9\" alt=\"\" src=\"http:\/\/www.bibliotecadeseguranca.com.br\/fr\/wp-content\/uploads\/2012\/11\/revista-brasileira-de-seguranca-publica-9.jpg\" width=\"109\" height=\"176\" srcset=\"https:\/\/www.bibliotecadeseguranca.com.br\/fr\/wp-content\/uploads\/2012\/11\/revista-brasileira-de-seguranca-publica-9.jpg 109w, https:\/\/www.bibliotecadeseguranca.com.br\/fr\/wp-content\/uploads\/2012\/11\/revista-brasileira-de-seguranca-publica-9-92x150.jpg 92w\" sizes=\"auto, (max-width: 109px) 100vw, 109px\" \/>O n\u00famero 9 da Revista Brasileira de Seguran\u00e7a P\u00fablica, ora publicado, re\u00fane um conjunto muito robusto de artigos e que traduz o esfor\u00e7o de produ\u00e7\u00e3o cient\u00edfica sobre o tema. Os textos discutem aspectos centrais do debate acerca da seguran\u00e7a p\u00fablica e, sobretudo, destacam a import\u00e2ncia da informa\u00e7\u00e3o e do conhecimento na conforma\u00e7\u00e3o de uma agenda democr\u00e1tica capaz de associar a \u00e1rea como um pressuposto para o desenvolvimento pac\u00edfico e sustent\u00e1vel do pa\u00eds e dos seus cidad\u00e3os.<\/p>\n<p>Nesse processo, chamamos aten\u00e7\u00e3o para ambicioso Termo de Parceria com o Minist\u00e9rio da Justi\u00e7a, cujos recursos ajudaram a viabilizar esse volume. Por meio deste Termo, o F\u00f3rum Brasileiro de Seguran\u00e7a P\u00fablica est\u00e1 produzindo diagn\u00f3sticos e sistematiza\u00e7\u00f5es sobre diferentes dimens\u00f5es da Pol\u00edtica Nacional de Seguran\u00e7a P\u00fablica e objetiva subsidiar o Minist\u00e9rio no aprimoramento de suas a\u00e7\u00f5es. Entre tais dimens\u00f5es, sem d\u00favida, encontra-se o recente movimento, inaugurado pela 1\u00aa Confer\u00eancia Nacional de Seguran\u00e7a P\u00fablica, realizada em 2010, e que fomentou o adensamento de redes e dos seus espa\u00e7os de debates. Por essa raz\u00e3o, esse \u00e9 o tema do \u00faltimo texto da se\u00e7\u00e3o de artigos e que, em maior ou menor grau, pode ser considerado como emblem\u00e1tico do momento hist\u00f3rico e pol\u00edtico vivido pelo setor.<\/p>\n<p>Enfim, momento este que tamb\u00e9m d\u00e1 contexto a diversos outros artigos da RBSP 9 e que, portanto, real\u00e7a o acerto da aposta na cria\u00e7\u00e3o de um peri\u00f3dico cient\u00edfico dedicado a disseminar discuss\u00f5es in\u00e9ditas e de qualidade sobre seguran\u00e7a p\u00fablica. Esperamos que os artigos despertem a reflex\u00e3o e suscitem\/provoquem pesquisas e pol\u00edticas p\u00fablicas.<\/p>\n<p><a title=\"Revista Brasileira de Seguran\u00e7a P\u00fablica 9\" href=\"http:\/\/www2.forumseguranca.org.br\/node\/26068\" target=\"_blank\"><img loading=\"lazy\" decoding=\"async\" class=\"alignleft size-full wp-image-11252\" src=\"http:\/\/www.bibliotecadeseguranca.com.br\/fr\/wp-content\/uploads\/2014\/08\/descargar.gif\" alt=\"Descargar\" width=\"93\" height=\"25\" \/><\/a><\/p>\n","protected":false},"excerpt":{"rendered":"<p>O n\u00famero 9 da Revista Brasileira de Seguran\u00e7a P\u00fablica, ora publicado, re\u00fane um conjunto muito robusto de artigos e que traduz o esfor\u00e7o de produ\u00e7\u00e3o cient\u00edfica sobre o tema. Os textos discutem aspectos centrais do debate acerca da seguran\u00e7a p\u00fablica e, sobretudo, destacam a import\u00e2ncia da informa\u00e7\u00e3o e do conhecimento na conforma\u00e7\u00e3o de uma agenda democr\u00e1tica capaz de associar a \u00e1rea como um pressuposto para o desenvolvimento pac\u00edfico e sustent\u00e1vel&hellip; <\/p>\n","protected":false},"author":3,"featured_media":4554,"comment_status":"open","ping_status":"closed","sticky":false,"template":"","format":"standard","meta":{"footnotes":""},"categories":[6,25,112],"tags":[],"class_list":["post-4553","post","type-post","status-publish","format-standard","has-post-thumbnail","hentry","category-livros","category-seguranca-publica-e-defesa","category-download"],"views":299,"_links":{"self":[{"href":"https:\/\/www.bibliotecadeseguranca.com.br\/fr\/wp-json\/wp\/v2\/posts\/4553","targetHints":{"allow":["GET"]}}],"collection":[{"href":"https:\/\/www.bibliotecadeseguranca.com.br\/fr\/wp-json\/wp\/v2\/posts"}],"about":[{"href":"https:\/\/www.bibliotecadeseguranca.com.br\/fr\/wp-json\/wp\/v2\/types\/post"}],"author":[{"embeddable":true,"href":"https:\/\/www.bibliotecadeseguranca.com.br\/fr\/wp-json\/wp\/v2\/users\/3"}],"replies":[{"embeddable":true,"href":"https:\/\/www.bibliotecadeseguranca.com.br\/fr\/wp-json\/wp\/v2\/comments?post=4553"}],"version-history":[{"count":5,"href":"https:\/\/www.bibliotecadeseguranca.com.br\/fr\/wp-json\/wp\/v2\/posts\/4553\/revisions"}],"predecessor-version":[{"id":11304,"href":"https:\/\/www.bibliotecadeseguranca.com.br\/fr\/wp-json\/wp\/v2\/posts\/4553\/revisions\/11304"}],"wp:featuredmedia":[{"embeddable":true,"href":"https:\/\/www.bibliotecadeseguranca.com.br\/fr\/wp-json\/wp\/v2\/media\/4554"}],"wp:attachment":[{"href":"https:\/\/www.bibliotecadeseguranca.com.br\/fr\/wp-json\/wp\/v2\/media?parent=4553"}],"wp:term":[{"taxonomy":"category","embeddable":true,"href":"https:\/\/www.bibliotecadeseguranca.com.br\/fr\/wp-json\/wp\/v2\/categories?post=4553"},{"taxonomy":"post_tag","embeddable":true,"href":"https:\/\/www.bibliotecadeseguranca.com.br\/fr\/wp-json\/wp\/v2\/tags?post=4553"}],"curies":[{"name":"wp","href":"https:\/\/api.w.org\/{rel}","templated":true}]}}