{"id":4547,"date":"2012-11-25T20:22:17","date_gmt":"2012-11-25T23:22:17","guid":{"rendered":"http:\/\/www.bibliotecadeseguranca.com.br\/fr\/?p=4547"},"modified":"2014-08-21T18:48:26","modified_gmt":"2014-08-21T21:48:26","slug":"revista-brasileira-de-seguranca-publica-7","status":"publish","type":"post","link":"https:\/\/www.bibliotecadeseguranca.com.br\/fr\/livros\/revista-brasileira-de-seguranca-publica-7\/","title":{"rendered":"Revista Brasileira de Seguran\u00e7a P\u00fablica 7"},"content":{"rendered":"<p><img loading=\"lazy\" decoding=\"async\" class=\"alignleft size-full wp-image-4548\" title=\"Revista Brasileira de Seguran\u00e7a P\u00fablica 7\" alt=\"\" src=\"http:\/\/www.bibliotecadeseguranca.com.br\/fr\/wp-content\/uploads\/2012\/11\/revista-brasileira-de-seguranca-publica-7.jpg\" width=\"140\" height=\"225\" srcset=\"https:\/\/www.bibliotecadeseguranca.com.br\/fr\/wp-content\/uploads\/2012\/11\/revista-brasileira-de-seguranca-publica-7.jpg 140w, https:\/\/www.bibliotecadeseguranca.com.br\/fr\/wp-content\/uploads\/2012\/11\/revista-brasileira-de-seguranca-publica-7-93x150.jpg 93w\" sizes=\"auto, (max-width: 140px) 100vw, 140px\" \/>O lan\u00e7amento do n\u00famero 7 da Revista Brasileira de Seguran\u00e7a P\u00fablica, com o apoio do Open Society Institute \u2013 OSI, ocorre agora em agosto de 2010 ao mesmo tempo em que, em mais um ciclo eleitoral, o Brasil retoma o vigor do debate sobre as principais quest\u00f5es da \u00e1rea e sobre os rumos e sentidos das pol\u00edticas p\u00fablicas.<\/p>\n<p>Nessa perspectiva, al\u00e9m de se consolidar como um espa\u00e7o de rigor cient\u00edfico e reflex\u00e3o acad\u00eamica, essa oportunidade abre a possibilidade da RBSP tamb\u00e9m vir se somar ao esfor\u00e7o que o F\u00f3rum Brasileiro de Seguran\u00e7a P\u00fablica faz na defesa de canais de dissemina\u00e7\u00e3o e interc\u00e2mbio de refer\u00eancias t\u00e9cnicas ao debate sobre Seguran\u00e7a P\u00fablica. Para o FBSP, faz-se necess\u00e1rio articular as dimens\u00f5es pol\u00edtica e t\u00e9cnica no aumento da efici\u00eancia das pol\u00edticas. Para tanto, acredita que a gera\u00e7\u00e3o de conhecimento \u00e9 uma das estrat\u00e9gias para atingir tal objetivo.<\/p>\n<p>A RBSP 7 reuniu, por conseguinte, artigos, relatos e entrevistas que buscam recuperar, anal\u00edtica e historicamente, linhas de a\u00e7\u00e3o e agendas pol\u00edticas que marcaram o campo no pa\u00eds e que podem ilustrar caminhos e limites para a pesquisa e estudo da seguran\u00e7a p\u00fablica.<\/p>\n<p>Paralelamente, o F\u00f3rum Brasileiro de Seguran\u00e7a P\u00fablica reformulou sua p\u00e1gina na Internet, iniciou a produ\u00e7\u00e3o da pr\u00f3xima edi\u00e7\u00e3o do Anu\u00e1rio Brasileiro de Seguran\u00e7a P\u00fablica, concluiu uma s\u00e9rie de estudos sobre juventude e viol\u00eancia e, em particular, deve lan\u00e7ar uma publica\u00e7\u00e3o especial com a s\u00edntese de um amplo processo de escuta de seus associados que, com apoio da Funda\u00e7\u00e3o Ford, recebeu o nome de \u201cF\u00f3rum de Di\u00e1logos em Seguran\u00e7a P\u00fablica\u201d.<\/p>\n<p>Tal processo buscou mapear os principais pontos de agenda da \u00e1rea e n\u00e3o se constitui num programa de a\u00e7\u00e3o acabado. Mais do que defender posi\u00e7\u00f5es, o esfor\u00e7o foi o de mapear temas, prioridades e consensos existentes, na id\u00e9ia de contribuir para qualificar o debate. A expectativa \u00e9 que, a partir de uma massa crescente de dados, informa\u00e7\u00f5es e refer\u00eancias que t\u00eam sido colocadas \u00e0 disposi\u00e7\u00e3o por diferentes institui\u00e7\u00f5es, pesquisadores sintam-se motivados, entre outros, em produzir novas an\u00e1lises e artigos para RBSP e para outras publica\u00e7\u00f5es.<\/p>\n<p><a title=\"Revista Brasileira de Seguran\u00e7a P\u00fablica 7\" href=\"http:\/\/www2.forumseguranca.org.br\/node\/23594\" target=\"_blank\"><img loading=\"lazy\" decoding=\"async\" class=\"alignleft size-full wp-image-11252\" src=\"http:\/\/www.bibliotecadeseguranca.com.br\/fr\/wp-content\/uploads\/2014\/08\/descargar.gif\" alt=\"Descargar\" width=\"93\" height=\"25\" \/><\/a><\/p>\n","protected":false},"excerpt":{"rendered":"<p>O lan\u00e7amento do n\u00famero 7 da Revista Brasileira de Seguran\u00e7a P\u00fablica, com o apoio do Open Society Institute \u2013 OSI, ocorre agora em agosto de 2010 ao mesmo tempo em que, em mais um ciclo eleitoral, o Brasil retoma o vigor do debate sobre as principais quest\u00f5es da \u00e1rea e sobre os rumos e sentidos das pol\u00edticas p\u00fablicas. Nessa perspectiva, al\u00e9m de se consolidar como um espa\u00e7o de rigor cient\u00edfico&hellip; <\/p>\n","protected":false},"author":3,"featured_media":4548,"comment_status":"open","ping_status":"closed","sticky":false,"template":"","format":"standard","meta":{"footnotes":""},"categories":[6,25,112],"tags":[],"class_list":["post-4547","post","type-post","status-publish","format-standard","has-post-thumbnail","hentry","category-livros","category-seguranca-publica-e-defesa","category-download"],"views":266,"_links":{"self":[{"href":"https:\/\/www.bibliotecadeseguranca.com.br\/fr\/wp-json\/wp\/v2\/posts\/4547","targetHints":{"allow":["GET"]}}],"collection":[{"href":"https:\/\/www.bibliotecadeseguranca.com.br\/fr\/wp-json\/wp\/v2\/posts"}],"about":[{"href":"https:\/\/www.bibliotecadeseguranca.com.br\/fr\/wp-json\/wp\/v2\/types\/post"}],"author":[{"embeddable":true,"href":"https:\/\/www.bibliotecadeseguranca.com.br\/fr\/wp-json\/wp\/v2\/users\/3"}],"replies":[{"embeddable":true,"href":"https:\/\/www.bibliotecadeseguranca.com.br\/fr\/wp-json\/wp\/v2\/comments?post=4547"}],"version-history":[{"count":5,"href":"https:\/\/www.bibliotecadeseguranca.com.br\/fr\/wp-json\/wp\/v2\/posts\/4547\/revisions"}],"predecessor-version":[{"id":11306,"href":"https:\/\/www.bibliotecadeseguranca.com.br\/fr\/wp-json\/wp\/v2\/posts\/4547\/revisions\/11306"}],"wp:featuredmedia":[{"embeddable":true,"href":"https:\/\/www.bibliotecadeseguranca.com.br\/fr\/wp-json\/wp\/v2\/media\/4548"}],"wp:attachment":[{"href":"https:\/\/www.bibliotecadeseguranca.com.br\/fr\/wp-json\/wp\/v2\/media?parent=4547"}],"wp:term":[{"taxonomy":"category","embeddable":true,"href":"https:\/\/www.bibliotecadeseguranca.com.br\/fr\/wp-json\/wp\/v2\/categories?post=4547"},{"taxonomy":"post_tag","embeddable":true,"href":"https:\/\/www.bibliotecadeseguranca.com.br\/fr\/wp-json\/wp\/v2\/tags?post=4547"}],"curies":[{"name":"wp","href":"https:\/\/api.w.org\/{rel}","templated":true}]}}