{"id":4541,"date":"2012-11-25T20:12:43","date_gmt":"2012-11-25T23:12:43","guid":{"rendered":"http:\/\/www.bibliotecadeseguranca.com.br\/fr\/?p=4541"},"modified":"2014-08-21T18:48:38","modified_gmt":"2014-08-21T21:48:38","slug":"revista-brasileira-de-seguranca-publica-5","status":"publish","type":"post","link":"https:\/\/www.bibliotecadeseguranca.com.br\/fr\/livros\/revista-brasileira-de-seguranca-publica-5\/","title":{"rendered":"Revista Brasileira de Seguran\u00e7a P\u00fablica 5"},"content":{"rendered":"<p><img loading=\"lazy\" decoding=\"async\" class=\"alignleft size-full wp-image-4542\" title=\"Revista Brasileira de Seguran\u00e7a P\u00fablica 5\" alt=\"\" src=\"http:\/\/www.bibliotecadeseguranca.com.br\/fr\/wp-content\/uploads\/2012\/11\/revista-brasileira-de-seguranca-publica-5.jpg\" width=\"140\" height=\"224\" srcset=\"https:\/\/www.bibliotecadeseguranca.com.br\/fr\/wp-content\/uploads\/2012\/11\/revista-brasileira-de-seguranca-publica-5.jpg 140w, https:\/\/www.bibliotecadeseguranca.com.br\/fr\/wp-content\/uploads\/2012\/11\/revista-brasileira-de-seguranca-publica-5-93x150.jpg 93w\" sizes=\"auto, (max-width: 140px) 100vw, 140px\" \/>Desde sua cria\u00e7\u00e3o, em 2006, o F\u00f3rum Brasileiro de Seguran\u00e7a P\u00fablica, enquanto espa\u00e7o de di\u00e1logo e debates entre a sociedade civil, os \u00f3rg\u00e3os do governo e a universidade, voltou-se para a discuss\u00e3o de temas pertinentes \u00e0 pol\u00edcia brasileira. Essa miss\u00e3o dada ao F\u00f3rum por seus fundadores pode ser observada em seus produtos, em que se procura construir uma interlocu\u00e7\u00e3o entre os diversos setores que balizam o desenvolvimento das pol\u00edticas p\u00fablicas de seguran\u00e7a em nosso pa\u00eds. N\u00e3o foi diferente o que aconteceu no momento da elabora\u00e7\u00e3o do dossi\u00ea que comp\u00f5e essa edi\u00e7\u00e3o da Revista Brasileira de Seguran\u00e7a P\u00fablica.<\/p>\n<p>Buscando-se identificar experi\u00eancias em que fosse poss\u00edvel perceber a pol\u00edcia lidando com quest\u00f5es de governan\u00e7a na pr\u00e1tica, foi lan\u00e7ado, no segundo semestre de 2008, um edital para inscri\u00e7\u00e3o de trabalhos nesta \u00e1rea, em que foram selecionados 19 casos emblem\u00e1ticos, provenientes de v\u00e1rias regi\u00f5es do pa\u00eds e apresentados em uma oficina, durante o III Encontro Anual do F\u00f3rum Brasileiro de Seguran\u00e7a P\u00fablica, que ocorreu em Vit\u00f3ria, ES, no m\u00eas de abril. Desses 19 casos, quatro foram premiados, dos quais tr\u00eas transformaram-se em artigos. Como parte de um projeto financiado pela Ford Foudantion e em parceria com o Napec, este dossi\u00ea \u00e9 formado por um texto te\u00f3rico, em que os autores discorrem sobre o conceito de governan\u00e7a policial, seus desdobramentos para o fazer pol\u00edcia e a forma como ele tem sido \u2013 ou n\u00e3o \u2013 aplicado nas pol\u00edcias brasileiras. Esse artigo \u00e9 precedido por um pequeno texto introdut\u00f3rio, em que se buscou realizar uma s\u00edntese das ideias-for\u00e7a dos autores, de forma a guiar o leitor. Por fim, os tr\u00eas relatos de policiais que comp\u00f5em a \u00faltima parte do dossi\u00ea versam sobre problemas comuns que as pol\u00edcias enfrentam e solu\u00e7\u00f5es diferentes dadas por diversos atores do cen\u00e1rio policial brasileiro.<\/p>\n<p>Os artigos que formam a segunda parte desta edi\u00e7\u00e3o dialogam entre si, tendo como pano de fundo a realiza\u00e7\u00e3o da I Conseg. O momento pol\u00edtico criado pela realiza\u00e7\u00e3o desta confer\u00eancia aponta para uma revis\u00e3o das pol\u00edticas de seguran\u00e7a, seus processos de legitima\u00e7\u00e3o democr\u00e1tica e a participa\u00e7\u00e3o da sociedade civil. Como n\u00e3o podia deixar de ser, os artigos ora publicados revelam a atualidade da discuss\u00e3o acad\u00eamica que vem sendo feita em torno de tais quest\u00f5es, em que se procura, acima de tudo, uma melhor compreens\u00e3o dos processos que guiam as pol\u00edticas p\u00fablicas de seguran\u00e7a, seus desdobramentos para a popula\u00e7\u00e3o e para os profissionais que atuam na \u00e1rea.<\/p>\n<p><a title=\"Revista Brasileira de Seguran\u00e7a P\u00fablica 5\" href=\"http:\/\/www2.forumseguranca.org.br\/node\/199\" target=\"_blank\"><img loading=\"lazy\" decoding=\"async\" class=\"alignleft size-full wp-image-11252\" src=\"http:\/\/www.bibliotecadeseguranca.com.br\/fr\/wp-content\/uploads\/2014\/08\/descargar.gif\" alt=\"Descargar\" width=\"93\" height=\"25\" \/><\/a><\/p>\n","protected":false},"excerpt":{"rendered":"<p>Desde sua cria\u00e7\u00e3o, em 2006, o F\u00f3rum Brasileiro de Seguran\u00e7a P\u00fablica, enquanto espa\u00e7o de di\u00e1logo e debates entre a sociedade civil, os \u00f3rg\u00e3os do governo e a universidade, voltou-se para a discuss\u00e3o de temas pertinentes \u00e0 pol\u00edcia brasileira. Essa miss\u00e3o dada ao F\u00f3rum por seus fundadores pode ser observada em seus produtos, em que se procura construir uma interlocu\u00e7\u00e3o entre os diversos setores que balizam o desenvolvimento das pol\u00edticas p\u00fablicas&hellip; <\/p>\n","protected":false},"author":3,"featured_media":4542,"comment_status":"open","ping_status":"closed","sticky":false,"template":"","format":"standard","meta":{"footnotes":""},"categories":[6,25,112],"tags":[],"class_list":["post-4541","post","type-post","status-publish","format-standard","has-post-thumbnail","hentry","category-livros","category-seguranca-publica-e-defesa","category-download"],"views":208,"_links":{"self":[{"href":"https:\/\/www.bibliotecadeseguranca.com.br\/fr\/wp-json\/wp\/v2\/posts\/4541","targetHints":{"allow":["GET"]}}],"collection":[{"href":"https:\/\/www.bibliotecadeseguranca.com.br\/fr\/wp-json\/wp\/v2\/posts"}],"about":[{"href":"https:\/\/www.bibliotecadeseguranca.com.br\/fr\/wp-json\/wp\/v2\/types\/post"}],"author":[{"embeddable":true,"href":"https:\/\/www.bibliotecadeseguranca.com.br\/fr\/wp-json\/wp\/v2\/users\/3"}],"replies":[{"embeddable":true,"href":"https:\/\/www.bibliotecadeseguranca.com.br\/fr\/wp-json\/wp\/v2\/comments?post=4541"}],"version-history":[{"count":5,"href":"https:\/\/www.bibliotecadeseguranca.com.br\/fr\/wp-json\/wp\/v2\/posts\/4541\/revisions"}],"predecessor-version":[{"id":11308,"href":"https:\/\/www.bibliotecadeseguranca.com.br\/fr\/wp-json\/wp\/v2\/posts\/4541\/revisions\/11308"}],"wp:featuredmedia":[{"embeddable":true,"href":"https:\/\/www.bibliotecadeseguranca.com.br\/fr\/wp-json\/wp\/v2\/media\/4542"}],"wp:attachment":[{"href":"https:\/\/www.bibliotecadeseguranca.com.br\/fr\/wp-json\/wp\/v2\/media?parent=4541"}],"wp:term":[{"taxonomy":"category","embeddable":true,"href":"https:\/\/www.bibliotecadeseguranca.com.br\/fr\/wp-json\/wp\/v2\/categories?post=4541"},{"taxonomy":"post_tag","embeddable":true,"href":"https:\/\/www.bibliotecadeseguranca.com.br\/fr\/wp-json\/wp\/v2\/tags?post=4541"}],"curies":[{"name":"wp","href":"https:\/\/api.w.org\/{rel}","templated":true}]}}