{"id":4518,"date":"2012-11-25T18:41:59","date_gmt":"2012-11-25T18:41:59","guid":{"rendered":"http:\/\/www.bibliotecadeseguranca.com.br\/fr\/?p=4518"},"modified":"2014-02-06T01:10:48","modified_gmt":"2014-02-06T04:10:48","slug":"seguranca-dos-sistemas-de-informacao","status":"publish","type":"post","link":"https:\/\/www.bibliotecadeseguranca.com.br\/fr\/livros\/seguranca-dos-sistemas-de-informacao\/","title":{"rendered":"Seguran\u00e7a dos Sistemas de Informa\u00e7\u00e3o"},"content":{"rendered":"<p><strong><img loading=\"lazy\" decoding=\"async\" class=\"alignleft size-full wp-image-4519\" title=\"Seguran\u00e7a dos Sistemas de Informa\u00e7\u00e3o\" alt=\"\" src=\"http:\/\/www.bibliotecadeseguranca.com.br\/fr\/wp-content\/uploads\/2012\/11\/seguranca-dos-sistemas-de-informacao.jpg\" width=\"130\" height=\"199\" \/><span style=\"color: #003366;\">Pedro Tavares Silva, Hugo Carvalho e Catarina Botelho Torres<\/span><\/strong><\/p>\n<p><span style=\"color: #003366;\"><strong>Descripci\u00f3n:<\/strong><\/span> \u00c0 medida que os Sistemas de Informa\u00e7\u00e3o assumem um papel de maior preponder\u00e2ncia, tanto ao n\u00edvel dos processos como dos objectivos do neg\u00f3cio, a pertin\u00eancia da sua seguran\u00e7a aumenta consideravelmente, despertando o interesse de todos os intervenientes nos processos decis\u00f3rios, estrat\u00e9gicos e t\u00e9cnicos. Por outro lado, acontecimentos como o de 11 de Setembro de 2001 trouxeram para a ribalta a import\u00e2ncia da exist\u00eancia de mecanismos que assegurem a sobreviv\u00eancia das organiza\u00e7\u00f5es face a desastres.<br \/>\nA seguran\u00e7a dos sistemas de informa\u00e7\u00e3o, mais do que um simples produto ou tecnologia, que se pode adquirir, aplicar e esquecer, dever\u00e1 ser encarada de forma integrada com o neg\u00f3cio da empresa, como um processo em permanente evolu\u00e7\u00e3o que requer uma enorme capacidade pa\u00acra provocar e gerir mudan\u00e7as, tanto nos h\u00e1bitos e comportamentos como nas infra-estruturas organizativas e tecnol\u00f3gicas.<br \/>\nCom uma experi\u00eancia profissional conjunta de mais de trinta anos na \u00e1rea das T.I. e da seguran\u00e7a dos Sistemas de Informa\u00e7\u00e3o, os autores dedicaram-se \u00e0 cria\u00e7\u00e3o de uma obra que ir\u00e1 estimular o leitor a olhar para al\u00e9m da sua \u00e1rea particular de conhecimento e a trabalhar a seguran\u00e7a de forma uniforme e transversal a todas as \u00e1reas, fornecendo estrat\u00e9gias para a cria\u00e7\u00e3o, implementa\u00e7\u00e3o e manuten\u00e7\u00e3o de um plano de seguran\u00e7a assente em tr\u00eas eixos impor\u00actantes: gest\u00e3o, t\u00e9cnica e tecnologia.<br \/>\nTrata-se de um livro de refer\u00eancia, que dever\u00e1 ser consultado sempre que a seguran\u00e7a da informa\u00e7\u00e3o estiver em causa na empresa, um &#8220;canivete su\u00ed\u00e7o&#8221; contendo as ferramentas te\u00f3ricas, metodol\u00f3gicas e pr\u00e1ticas necess\u00e1rias \u00e0 resolu\u00e7\u00e3o do vasto puzzle que \u00e9 a gest\u00e3o estrat\u00e9gica da seguran\u00e7a empresarial.<br \/>\nPara Quem: profissionais das \u00e1reas das tecnologias e sistemas de informa\u00e7\u00e3o, respons\u00e1veis de seguran\u00e7a, directores, gestores ou chefes de departamentos t\u00e9cnicos ou de outras \u00e1reas do neg\u00f3cio, de programas ou projectos com componentes TI, bem como para consultores de seguran\u00e7a, respons\u00e1veis por informa\u00e7\u00e3o cr\u00edtica e para todos os que se encontrem de alguma forma envolvidos na defini\u00e7\u00e3o, implementa\u00e7\u00e3o e gest\u00e3o de medidas de seguran\u00e7a empresarial.<br \/>\nMotiva\u00e7\u00e3o: Complementa os muitos livros existentes sobre Seguran\u00e7a dando uma vis\u00e3o mais alargada da seguran\u00e7a empresarial.<\/p>\n","protected":false},"excerpt":{"rendered":"<p>Pedro Tavares Silva, Hugo Carvalho e Catarina Botelho Torres Descripci\u00f3n: \u00c0 medida que os Sistemas de Informa\u00e7\u00e3o assumem um papel de maior preponder\u00e2ncia, tanto ao n\u00edvel dos processos como dos objectivos do neg\u00f3cio, a pertin\u00eancia da sua seguran\u00e7a aumenta consideravelmente, despertando o interesse de todos os intervenientes nos processos decis\u00f3rios, estrat\u00e9gicos e t\u00e9cnicos. Por outro lado, acontecimentos como o de 11 de Setembro de 2001 trouxeram para a ribalta a&hellip; <\/p>\n","protected":false},"author":3,"featured_media":4519,"comment_status":"open","ping_status":"closed","sticky":false,"template":"","format":"standard","meta":{"footnotes":""},"categories":[23,6,20],"tags":[],"class_list":["post-4518","post","type-post","status-publish","format-standard","has-post-thumbnail","hentry","category-gestao-da-seguranca-empresarial","category-livros","category-seguranca-da-informacao"],"views":265,"_links":{"self":[{"href":"https:\/\/www.bibliotecadeseguranca.com.br\/fr\/wp-json\/wp\/v2\/posts\/4518","targetHints":{"allow":["GET"]}}],"collection":[{"href":"https:\/\/www.bibliotecadeseguranca.com.br\/fr\/wp-json\/wp\/v2\/posts"}],"about":[{"href":"https:\/\/www.bibliotecadeseguranca.com.br\/fr\/wp-json\/wp\/v2\/types\/post"}],"author":[{"embeddable":true,"href":"https:\/\/www.bibliotecadeseguranca.com.br\/fr\/wp-json\/wp\/v2\/users\/3"}],"replies":[{"embeddable":true,"href":"https:\/\/www.bibliotecadeseguranca.com.br\/fr\/wp-json\/wp\/v2\/comments?post=4518"}],"version-history":[{"count":4,"href":"https:\/\/www.bibliotecadeseguranca.com.br\/fr\/wp-json\/wp\/v2\/posts\/4518\/revisions"}],"predecessor-version":[{"id":9583,"href":"https:\/\/www.bibliotecadeseguranca.com.br\/fr\/wp-json\/wp\/v2\/posts\/4518\/revisions\/9583"}],"wp:featuredmedia":[{"embeddable":true,"href":"https:\/\/www.bibliotecadeseguranca.com.br\/fr\/wp-json\/wp\/v2\/media\/4519"}],"wp:attachment":[{"href":"https:\/\/www.bibliotecadeseguranca.com.br\/fr\/wp-json\/wp\/v2\/media?parent=4518"}],"wp:term":[{"taxonomy":"category","embeddable":true,"href":"https:\/\/www.bibliotecadeseguranca.com.br\/fr\/wp-json\/wp\/v2\/categories?post=4518"},{"taxonomy":"post_tag","embeddable":true,"href":"https:\/\/www.bibliotecadeseguranca.com.br\/fr\/wp-json\/wp\/v2\/tags?post=4518"}],"curies":[{"name":"wp","href":"https:\/\/api.w.org\/{rel}","templated":true}]}}