{"id":4515,"date":"2012-11-25T18:31:19","date_gmt":"2012-11-25T21:31:19","guid":{"rendered":"http:\/\/www.bibliotecadeseguranca.com.br\/fr\/?p=4515"},"modified":"2014-02-06T01:10:48","modified_gmt":"2014-02-06T04:10:48","slug":"brasilia-dimensoes-da-violencia-urbana","status":"publish","type":"post","link":"https:\/\/www.bibliotecadeseguranca.com.br\/fr\/livros\/brasilia-dimensoes-da-violencia-urbana\/","title":{"rendered":"Bras\u00edlia: Dimens\u00f5es da Viol\u00eancia Urbana"},"content":{"rendered":"<p><img loading=\"lazy\" decoding=\"async\" class=\"alignleft size-full wp-image-4516\" title=\"Bras\u00edlia: Dimens\u00f5es da Viol\u00eancia Urbana\" alt=\"\" src=\"http:\/\/www.bibliotecadeseguranca.com.br\/fr\/wp-content\/uploads\/2012\/11\/brasilia-dimensoes-da-violencia-urbana.jpg\" width=\"123\" height=\"180\" srcset=\"https:\/\/www.bibliotecadeseguranca.com.br\/fr\/wp-content\/uploads\/2012\/11\/brasilia-dimensoes-da-violencia-urbana.jpg 123w, https:\/\/www.bibliotecadeseguranca.com.br\/fr\/wp-content\/uploads\/2012\/11\/brasilia-dimensoes-da-violencia-urbana-102x150.jpg 102w\" sizes=\"auto, (max-width: 123px) 100vw, 123px\" \/><span style=\"color: #003366;\"><strong>Frederico Fl\u00f3sculo Pinheiro Barreto e Aldo Paviani<\/strong><\/span><\/p>\n<p><span style=\"color: #003366;\"><strong>Editor UNB<\/strong><\/span><\/p>\n<p><span style=\"color: #003366;\"><strong>Descripci\u00f3n:<\/strong><\/span> H\u00e1 18 anos, iniciava-se na UnB a cole\u00e7\u00e3o Bras\u00edlia, voltada para estudos sobre urbaniza\u00e7\u00e3o no Distrito Federal. Com isso, Bras\u00edlia passou a contar, periodicamente, com colet\u00e2neas inter, multi e transdisciplinares, as quais, contendo an\u00e1lises e avalia\u00e7\u00f5es de seus problemas, apontavam-lhes poss\u00edveis solu\u00e7\u00f5es. Tais obras v\u00eam refletindo a preocupa\u00e7\u00e3o com o desdobrar do povoamento urbano e as implica\u00e7\u00f5es do &#8216;modelo&#8217; escolhido para Bras\u00edlia &#8211; a dissemina\u00e7\u00e3o, no territ\u00f3rio, de assentamentos urbanos que, no passado, eram denominados &#8216;cidades-sat\u00e9lites&#8217;. Com esse tipo de povoamento urbano, esvaiu-se o planejamento t\u00e3o acalentado pelos fundadores, com o qual idealizavam uma Bras\u00edlia coincidente com o plano piloto de L\u00facio Costa. Hoje, o plano piloto de Bras\u00edlia \u00e9 o n\u00facleo central, e as cidades-sat\u00e9lites, componentes do conjunto urbano polinucleado, sem similar no Brasil e no continente americano. A par desse &#8216;desvirtuamento&#8217; de grandes propor\u00e7\u00f5es, a cidade agigantou-se e, com isso, assistimos ao surgimento de problemas<\/p>\n","protected":false},"excerpt":{"rendered":"<p>Frederico Fl\u00f3sculo Pinheiro Barreto e Aldo Paviani Editor UNB Descripci\u00f3n: H\u00e1 18 anos, iniciava-se na UnB a cole\u00e7\u00e3o Bras\u00edlia, voltada para estudos sobre urbaniza\u00e7\u00e3o no Distrito Federal. Com isso, Bras\u00edlia passou a contar, periodicamente, com colet\u00e2neas inter, multi e transdisciplinares, as quais, contendo an\u00e1lises e avalia\u00e7\u00f5es de seus problemas, apontavam-lhes poss\u00edveis solu\u00e7\u00f5es. Tais obras v\u00eam refletindo a preocupa\u00e7\u00e3o com o desdobrar do povoamento urbano e as implica\u00e7\u00f5es do &#8216;modelo&#8217; escolhido&hellip; <\/p>\n","protected":false},"author":3,"featured_media":4516,"comment_status":"open","ping_status":"closed","sticky":false,"template":"","format":"standard","meta":{"footnotes":""},"categories":[10,6,25],"tags":[],"class_list":["post-4515","post","type-post","status-publish","format-standard","has-post-thumbnail","hentry","category-crime-violencia-e-criminologia","category-livros","category-seguranca-publica-e-defesa"],"views":267,"_links":{"self":[{"href":"https:\/\/www.bibliotecadeseguranca.com.br\/fr\/wp-json\/wp\/v2\/posts\/4515","targetHints":{"allow":["GET"]}}],"collection":[{"href":"https:\/\/www.bibliotecadeseguranca.com.br\/fr\/wp-json\/wp\/v2\/posts"}],"about":[{"href":"https:\/\/www.bibliotecadeseguranca.com.br\/fr\/wp-json\/wp\/v2\/types\/post"}],"author":[{"embeddable":true,"href":"https:\/\/www.bibliotecadeseguranca.com.br\/fr\/wp-json\/wp\/v2\/users\/3"}],"replies":[{"embeddable":true,"href":"https:\/\/www.bibliotecadeseguranca.com.br\/fr\/wp-json\/wp\/v2\/comments?post=4515"}],"version-history":[{"count":3,"href":"https:\/\/www.bibliotecadeseguranca.com.br\/fr\/wp-json\/wp\/v2\/posts\/4515\/revisions"}],"predecessor-version":[{"id":9582,"href":"https:\/\/www.bibliotecadeseguranca.com.br\/fr\/wp-json\/wp\/v2\/posts\/4515\/revisions\/9582"}],"wp:featuredmedia":[{"embeddable":true,"href":"https:\/\/www.bibliotecadeseguranca.com.br\/fr\/wp-json\/wp\/v2\/media\/4516"}],"wp:attachment":[{"href":"https:\/\/www.bibliotecadeseguranca.com.br\/fr\/wp-json\/wp\/v2\/media?parent=4515"}],"wp:term":[{"taxonomy":"category","embeddable":true,"href":"https:\/\/www.bibliotecadeseguranca.com.br\/fr\/wp-json\/wp\/v2\/categories?post=4515"},{"taxonomy":"post_tag","embeddable":true,"href":"https:\/\/www.bibliotecadeseguranca.com.br\/fr\/wp-json\/wp\/v2\/tags?post=4515"}],"curies":[{"name":"wp","href":"https:\/\/api.w.org\/{rel}","templated":true}]}}