{"id":4511,"date":"2012-11-25T18:10:14","date_gmt":"2012-11-25T21:10:14","guid":{"rendered":"http:\/\/www.bibliotecadeseguranca.com.br\/fr\/?p=4511"},"modified":"2014-02-06T01:10:56","modified_gmt":"2014-02-06T04:10:56","slug":"justiceiros-e-a-violencia-urbana","status":"publish","type":"post","link":"https:\/\/www.bibliotecadeseguranca.com.br\/fr\/livros\/justiceiros-e-a-violencia-urbana\/","title":{"rendered":"Justiceiros e a Viol\u00eancia Urbana"},"content":{"rendered":"<p><img loading=\"lazy\" decoding=\"async\" class=\"alignleft size-full wp-image-4512\" title=\"Justiceiros e a Viol\u00eancia Urbana\" alt=\"\" src=\"http:\/\/www.bibliotecadeseguranca.com.br\/fr\/wp-content\/uploads\/2012\/11\/justiceiros-e-a-violencia-urbana.jpg\" width=\"140\" height=\"193\" srcset=\"https:\/\/www.bibliotecadeseguranca.com.br\/fr\/wp-content\/uploads\/2012\/11\/justiceiros-e-a-violencia-urbana.jpg 140w, https:\/\/www.bibliotecadeseguranca.com.br\/fr\/wp-content\/uploads\/2012\/11\/justiceiros-e-a-violencia-urbana-108x150.jpg 108w\" sizes=\"auto, (max-width: 140px) 100vw, 140px\" \/><span style=\"color: #003366;\"><strong>Jos\u00e9 Fernando Siqueira da Silva<\/strong><\/span><\/p>\n<p><span style=\"color: #003366;\"><strong>Editor Cortez<\/strong><\/span><\/p>\n<p><span style=\"color: #003366;\"><strong>Descripci\u00f3n:<\/strong><\/span> Neste livro instigante, Jos\u00e9 Fernando Siqueira da Silva elege como objeto uma face da viol\u00eancia urbana pouco estudada no \u00e2mbito das Ci\u00eancias Humanas e Sociais &#8211; os chamados &#8216;justiceiros&#8217;, cujas estrat\u00e9gias de exterm\u00ednio alcan\u00e7aram nos anos 80 grande express\u00e3o em S\u00e3o Paulo. Um dos grandes m\u00e9ritos deste trabalho consiste exatamente na recupera\u00e7\u00e3o de trajet\u00f3rias e falas de alguns desses &#8216;justiceiros&#8217;. S\u00e3o depoimentos que o autor busca explicar a partir da heran\u00e7a patriarcalista e olig\u00e1rquica da sociedade brasileira, apoiado em duas categorias centrais de an\u00e1lise; a viol\u00eancia continuada e a higieniza\u00e7\u00e3o social. Este livro \u00e9 uma importante leitura que tem como objetivo explicar algumas dimens\u00f5es da &#8216;cultura da viol\u00eancia&#8217;, enfocada a partir da an\u00e1lise de um tipo particular de matador, cuja a\u00e7\u00e3o personalista e messi\u00e2nica emerge como resultado de condi\u00e7\u00f5es s\u00f3cio-hist\u00f3ricas muito bem explicitadas nos tr\u00eas cap\u00edtulos do livro.<\/p>\n","protected":false},"excerpt":{"rendered":"<p>Jos\u00e9 Fernando Siqueira da Silva Editor Cortez Descripci\u00f3n: Neste livro instigante, Jos\u00e9 Fernando Siqueira da Silva elege como objeto uma face da viol\u00eancia urbana pouco estudada no \u00e2mbito das Ci\u00eancias Humanas e Sociais &#8211; os chamados &#8216;justiceiros&#8217;, cujas estrat\u00e9gias de exterm\u00ednio alcan\u00e7aram nos anos 80 grande express\u00e3o em S\u00e3o Paulo. Um dos grandes m\u00e9ritos deste trabalho consiste exatamente na recupera\u00e7\u00e3o de trajet\u00f3rias e falas de alguns desses &#8216;justiceiros&#8217;. S\u00e3o depoimentos&hellip; <\/p>\n","protected":false},"author":3,"featured_media":4512,"comment_status":"open","ping_status":"closed","sticky":false,"template":"","format":"standard","meta":{"footnotes":""},"categories":[10,6,25],"tags":[],"class_list":["post-4511","post","type-post","status-publish","format-standard","has-post-thumbnail","hentry","category-crime-violencia-e-criminologia","category-livros","category-seguranca-publica-e-defesa"],"views":285,"_links":{"self":[{"href":"https:\/\/www.bibliotecadeseguranca.com.br\/fr\/wp-json\/wp\/v2\/posts\/4511","targetHints":{"allow":["GET"]}}],"collection":[{"href":"https:\/\/www.bibliotecadeseguranca.com.br\/fr\/wp-json\/wp\/v2\/posts"}],"about":[{"href":"https:\/\/www.bibliotecadeseguranca.com.br\/fr\/wp-json\/wp\/v2\/types\/post"}],"author":[{"embeddable":true,"href":"https:\/\/www.bibliotecadeseguranca.com.br\/fr\/wp-json\/wp\/v2\/users\/3"}],"replies":[{"embeddable":true,"href":"https:\/\/www.bibliotecadeseguranca.com.br\/fr\/wp-json\/wp\/v2\/comments?post=4511"}],"version-history":[{"count":3,"href":"https:\/\/www.bibliotecadeseguranca.com.br\/fr\/wp-json\/wp\/v2\/posts\/4511\/revisions"}],"predecessor-version":[{"id":9581,"href":"https:\/\/www.bibliotecadeseguranca.com.br\/fr\/wp-json\/wp\/v2\/posts\/4511\/revisions\/9581"}],"wp:featuredmedia":[{"embeddable":true,"href":"https:\/\/www.bibliotecadeseguranca.com.br\/fr\/wp-json\/wp\/v2\/media\/4512"}],"wp:attachment":[{"href":"https:\/\/www.bibliotecadeseguranca.com.br\/fr\/wp-json\/wp\/v2\/media?parent=4511"}],"wp:term":[{"taxonomy":"category","embeddable":true,"href":"https:\/\/www.bibliotecadeseguranca.com.br\/fr\/wp-json\/wp\/v2\/categories?post=4511"},{"taxonomy":"post_tag","embeddable":true,"href":"https:\/\/www.bibliotecadeseguranca.com.br\/fr\/wp-json\/wp\/v2\/tags?post=4511"}],"curies":[{"name":"wp","href":"https:\/\/api.w.org\/{rel}","templated":true}]}}