{"id":4507,"date":"2012-11-25T18:04:09","date_gmt":"2012-11-25T21:04:09","guid":{"rendered":"http:\/\/www.bibliotecadeseguranca.com.br\/fr\/?p=4507"},"modified":"2014-02-06T01:11:00","modified_gmt":"2014-02-06T04:11:00","slug":"violencia-urbana-dilemas-e-desafios","status":"publish","type":"post","link":"https:\/\/www.bibliotecadeseguranca.com.br\/fr\/livros\/violencia-urbana-dilemas-e-desafios\/","title":{"rendered":"Viol\u00eancia Urbana: Dilemas e Desafios"},"content":{"rendered":"<p><img loading=\"lazy\" decoding=\"async\" class=\"alignleft size-full wp-image-4508\" title=\"Viol\u00eancia Urbana: Dilemas e Desafios\" alt=\"\" src=\"http:\/\/www.bibliotecadeseguranca.com.br\/fr\/wp-content\/uploads\/2012\/11\/violencia-urbana-dilemas-e-desafios.jpg\" width=\"127\" height=\"180\" srcset=\"https:\/\/www.bibliotecadeseguranca.com.br\/fr\/wp-content\/uploads\/2012\/11\/violencia-urbana-dilemas-e-desafios.jpg 127w, https:\/\/www.bibliotecadeseguranca.com.br\/fr\/wp-content\/uploads\/2012\/11\/violencia-urbana-dilemas-e-desafios-105x150.jpg 105w\" sizes=\"auto, (max-width: 127px) 100vw, 127px\" \/><span style=\"color: #003366;\"><strong>Andrea Buoro e Flavia Schilling<\/strong><\/span><\/p>\n<p><span style=\"color: #003366;\"><strong>Editor Atual<\/strong><\/span><\/p>\n<p><span style=\"color: #003366;\"><strong>Descripci\u00f3n:<\/strong><\/span> Superar o individualismo, a competi\u00e7\u00e3o, ver-se como parte de um corpo social, tudo isso pode parecer utopia, mas \u00e9 possivelmente o caminho para que os cidad\u00e3os n\u00e3o se sintam ref\u00e9ns dos agentes da viol\u00eancia. Em &#8216;Viol\u00eancia Urbana&#8217;, especialistas do N\u00facleo de Estudos da Viol\u00eancia, da Universidade de S\u00e3o Paulo, refletem sobre v\u00e1rios aspectos da quest\u00e3o da viol\u00eancia.<\/p>\n","protected":false},"excerpt":{"rendered":"<p>Andrea Buoro e Flavia Schilling Editor Atual Descripci\u00f3n: Superar o individualismo, a competi\u00e7\u00e3o, ver-se como parte de um corpo social, tudo isso pode parecer utopia, mas \u00e9 possivelmente o caminho para que os cidad\u00e3os n\u00e3o se sintam ref\u00e9ns dos agentes da viol\u00eancia. Em &#8216;Viol\u00eancia Urbana&#8217;, especialistas do N\u00facleo de Estudos da Viol\u00eancia, da Universidade de S\u00e3o Paulo, refletem sobre v\u00e1rios aspectos da quest\u00e3o da viol\u00eancia.<\/p>\n","protected":false},"author":3,"featured_media":4508,"comment_status":"open","ping_status":"closed","sticky":false,"template":"","format":"standard","meta":{"footnotes":""},"categories":[10,6,25],"tags":[],"class_list":["post-4507","post","type-post","status-publish","format-standard","has-post-thumbnail","hentry","category-crime-violencia-e-criminologia","category-livros","category-seguranca-publica-e-defesa"],"views":346,"_links":{"self":[{"href":"https:\/\/www.bibliotecadeseguranca.com.br\/fr\/wp-json\/wp\/v2\/posts\/4507","targetHints":{"allow":["GET"]}}],"collection":[{"href":"https:\/\/www.bibliotecadeseguranca.com.br\/fr\/wp-json\/wp\/v2\/posts"}],"about":[{"href":"https:\/\/www.bibliotecadeseguranca.com.br\/fr\/wp-json\/wp\/v2\/types\/post"}],"author":[{"embeddable":true,"href":"https:\/\/www.bibliotecadeseguranca.com.br\/fr\/wp-json\/wp\/v2\/users\/3"}],"replies":[{"embeddable":true,"href":"https:\/\/www.bibliotecadeseguranca.com.br\/fr\/wp-json\/wp\/v2\/comments?post=4507"}],"version-history":[{"count":4,"href":"https:\/\/www.bibliotecadeseguranca.com.br\/fr\/wp-json\/wp\/v2\/posts\/4507\/revisions"}],"predecessor-version":[{"id":9580,"href":"https:\/\/www.bibliotecadeseguranca.com.br\/fr\/wp-json\/wp\/v2\/posts\/4507\/revisions\/9580"}],"wp:featuredmedia":[{"embeddable":true,"href":"https:\/\/www.bibliotecadeseguranca.com.br\/fr\/wp-json\/wp\/v2\/media\/4508"}],"wp:attachment":[{"href":"https:\/\/www.bibliotecadeseguranca.com.br\/fr\/wp-json\/wp\/v2\/media?parent=4507"}],"wp:term":[{"taxonomy":"category","embeddable":true,"href":"https:\/\/www.bibliotecadeseguranca.com.br\/fr\/wp-json\/wp\/v2\/categories?post=4507"},{"taxonomy":"post_tag","embeddable":true,"href":"https:\/\/www.bibliotecadeseguranca.com.br\/fr\/wp-json\/wp\/v2\/tags?post=4507"}],"curies":[{"name":"wp","href":"https:\/\/api.w.org\/{rel}","templated":true}]}}