{"id":4499,"date":"2012-11-25T17:51:12","date_gmt":"2012-11-25T20:51:12","guid":{"rendered":"http:\/\/www.bibliotecadeseguranca.com.br\/fr\/?p=4499"},"modified":"2014-02-06T01:11:16","modified_gmt":"2014-02-06T04:11:16","slug":"o-que-e-violencia-urbana","status":"publish","type":"post","link":"https:\/\/www.bibliotecadeseguranca.com.br\/fr\/livros\/o-que-e-violencia-urbana\/","title":{"rendered":"O Que \u00e9 Viol\u00eancia Urbana"},"content":{"rendered":"<p><img loading=\"lazy\" decoding=\"async\" class=\"alignleft size-full wp-image-4500\" title=\"O Que \u00e9 Viol\u00eancia Urbana\" alt=\"\" src=\"http:\/\/www.bibliotecadeseguranca.com.br\/fr\/wp-content\/uploads\/2012\/11\/o-que-e-violencia-urbana.jpg\" width=\"120\" height=\"166\" srcset=\"https:\/\/www.bibliotecadeseguranca.com.br\/fr\/wp-content\/uploads\/2012\/11\/o-que-e-violencia-urbana.jpg 120w, https:\/\/www.bibliotecadeseguranca.com.br\/fr\/wp-content\/uploads\/2012\/11\/o-que-e-violencia-urbana-108x150.jpg 108w\" sizes=\"auto, (max-width: 120px) 100vw, 120px\" \/><span style=\"color: #003366;\"><strong>Regis de Morais<\/strong><\/span><\/p>\n<p><span style=\"color: #003366;\"><strong>Editor Brasiliense<\/strong><\/span><\/p>\n<p><span style=\"color: #003366;\"><strong>Descripci\u00f3n:<\/strong><\/span> Em nenhum outro lugar a vida est\u00e1 sendo um jogo t\u00e3o perigoso com nas grandes cidades. Assaltos, acidentes de tr\u00e2nsito, policiamento armado em prec\u00e1rias condi\u00e7\u00f5es de seguran\u00e7a nos edif\u00edcios e no trabalho &#8211; o medo vem sendo o p\u00e3o cotidiano dos cidad\u00e3os. As viol\u00eancias, criminosas ou institucionalizadas, levam as pessoas a interiorizar uma permanente sensa\u00e7\u00e3o de p\u00e2nico. Seriam as metr\u00f3poles organismos definitivamente enfermos?<\/p>\n","protected":false},"excerpt":{"rendered":"<p>Regis de Morais Editor Brasiliense Descripci\u00f3n: Em nenhum outro lugar a vida est\u00e1 sendo um jogo t\u00e3o perigoso com nas grandes cidades. Assaltos, acidentes de tr\u00e2nsito, policiamento armado em prec\u00e1rias condi\u00e7\u00f5es de seguran\u00e7a nos edif\u00edcios e no trabalho &#8211; o medo vem sendo o p\u00e3o cotidiano dos cidad\u00e3os. As viol\u00eancias, criminosas ou institucionalizadas, levam as pessoas a interiorizar uma permanente sensa\u00e7\u00e3o de p\u00e2nico. Seriam as metr\u00f3poles organismos definitivamente enfermos?<\/p>\n","protected":false},"author":3,"featured_media":4500,"comment_status":"open","ping_status":"closed","sticky":false,"template":"","format":"standard","meta":{"footnotes":""},"categories":[6,25],"tags":[],"class_list":["post-4499","post","type-post","status-publish","format-standard","has-post-thumbnail","hentry","category-livros","category-seguranca-publica-e-defesa"],"views":286,"_links":{"self":[{"href":"https:\/\/www.bibliotecadeseguranca.com.br\/fr\/wp-json\/wp\/v2\/posts\/4499","targetHints":{"allow":["GET"]}}],"collection":[{"href":"https:\/\/www.bibliotecadeseguranca.com.br\/fr\/wp-json\/wp\/v2\/posts"}],"about":[{"href":"https:\/\/www.bibliotecadeseguranca.com.br\/fr\/wp-json\/wp\/v2\/types\/post"}],"author":[{"embeddable":true,"href":"https:\/\/www.bibliotecadeseguranca.com.br\/fr\/wp-json\/wp\/v2\/users\/3"}],"replies":[{"embeddable":true,"href":"https:\/\/www.bibliotecadeseguranca.com.br\/fr\/wp-json\/wp\/v2\/comments?post=4499"}],"version-history":[{"count":4,"href":"https:\/\/www.bibliotecadeseguranca.com.br\/fr\/wp-json\/wp\/v2\/posts\/4499\/revisions"}],"predecessor-version":[{"id":9578,"href":"https:\/\/www.bibliotecadeseguranca.com.br\/fr\/wp-json\/wp\/v2\/posts\/4499\/revisions\/9578"}],"wp:featuredmedia":[{"embeddable":true,"href":"https:\/\/www.bibliotecadeseguranca.com.br\/fr\/wp-json\/wp\/v2\/media\/4500"}],"wp:attachment":[{"href":"https:\/\/www.bibliotecadeseguranca.com.br\/fr\/wp-json\/wp\/v2\/media?parent=4499"}],"wp:term":[{"taxonomy":"category","embeddable":true,"href":"https:\/\/www.bibliotecadeseguranca.com.br\/fr\/wp-json\/wp\/v2\/categories?post=4499"},{"taxonomy":"post_tag","embeddable":true,"href":"https:\/\/www.bibliotecadeseguranca.com.br\/fr\/wp-json\/wp\/v2\/tags?post=4499"}],"curies":[{"name":"wp","href":"https:\/\/api.w.org\/{rel}","templated":true}]}}