{"id":4496,"date":"2012-11-25T17:41:38","date_gmt":"2012-11-25T20:41:38","guid":{"rendered":"http:\/\/www.bibliotecadeseguranca.com.br\/fr\/?p=4496"},"modified":"2014-02-06T01:11:16","modified_gmt":"2014-02-06T04:11:16","slug":"imagens-e-relatos-da-violencia-urbana","status":"publish","type":"post","link":"https:\/\/www.bibliotecadeseguranca.com.br\/fr\/livros\/imagens-e-relatos-da-violencia-urbana\/","title":{"rendered":"Imagens e Relatos da Viol\u00eancia Urbana"},"content":{"rendered":"<p><img loading=\"lazy\" decoding=\"async\" class=\"alignleft size-full wp-image-4497\" title=\"Imagens e Relatos da Viol\u00eancia Urbana\" alt=\"\" src=\"http:\/\/www.bibliotecadeseguranca.com.br\/fr\/wp-content\/uploads\/2012\/11\/imagens-e-relatos-da-violencia-urbana.jpg\" width=\"150\" height=\"223\" srcset=\"https:\/\/www.bibliotecadeseguranca.com.br\/fr\/wp-content\/uploads\/2012\/11\/imagens-e-relatos-da-violencia-urbana.jpg 150w, https:\/\/www.bibliotecadeseguranca.com.br\/fr\/wp-content\/uploads\/2012\/11\/imagens-e-relatos-da-violencia-urbana-100x150.jpg 100w\" sizes=\"auto, (max-width: 150px) 100vw, 150px\" \/><span style=\"color: #003366;\"><strong>Derm\u00e2nio Lima Ribeiro<\/strong><\/span><\/p>\n<p><span style=\"color: #003366;\"><strong>Editor Espa\u00e7o Editorial<\/strong><\/span><\/p>\n<p><span style=\"color: #003366;\"><strong>Descripci\u00f3n:<\/strong><\/span> A obra re\u00fane imagens do arquivo pessoal do autor, que \u00e9 fot\u00f3grafo, ao longo de 12 anos de carreira na Pol\u00edcia Cient\u00edfica de S\u00e3o Paulo. Ap\u00f3s fotografar mais de 5.380 cenas de crimes, Derm\u00e2nio resolveu selecionar imagens e hist\u00f3rias que poderiam acontecer com qualquer pessoa, para mostrar o quanto a viol\u00eancia se alastrou pela cidade atingindo pessoas de todos os n\u00edveis sociais e culturais, embora ainda tenha seu celeiro cravado na periferia. O livro cont\u00e9m imagens chocantes, mas as raz\u00f5es, muitas vezes banais que motivam os crimes mais horrendos podem chocar ainda mais os menos desavisados. Al\u00e9m de narrar sua pr\u00f3pria experi\u00eancia, Derm\u00e2nio colheu depoimentos de todos os profissionais convocados para elucidar um crime &#8211; o perito criminal, o desenhista t\u00e9cnico pericial, o papiloscopista, o m\u00e9dico legista e o auxiliar de necr\u00f3psia. O livro tamb\u00e9m cont\u00e9m artigos desses profissionais incluindo do perito criminal Paulo Villa Hutterer e uma entrevista com o historiador e advogado criminalista, criador do Museu do Crime, Milton Bednarski &#8211; respons\u00e1vel pela pris\u00e3o do famoso ladr\u00e3o de j\u00f3ias Meneghetti e do Bandido da Luz Vermelha.<\/p>\n","protected":false},"excerpt":{"rendered":"<p>Derm\u00e2nio Lima Ribeiro Editor Espa\u00e7o Editorial Descripci\u00f3n: A obra re\u00fane imagens do arquivo pessoal do autor, que \u00e9 fot\u00f3grafo, ao longo de 12 anos de carreira na Pol\u00edcia Cient\u00edfica de S\u00e3o Paulo. Ap\u00f3s fotografar mais de 5.380 cenas de crimes, Derm\u00e2nio resolveu selecionar imagens e hist\u00f3rias que poderiam acontecer com qualquer pessoa, para mostrar o quanto a viol\u00eancia se alastrou pela cidade atingindo pessoas de todos os n\u00edveis sociais e&hellip; <\/p>\n","protected":false},"author":3,"featured_media":4497,"comment_status":"open","ping_status":"closed","sticky":false,"template":"","format":"standard","meta":{"footnotes":""},"categories":[10,6,25],"tags":[],"class_list":["post-4496","post","type-post","status-publish","format-standard","has-post-thumbnail","hentry","category-crime-violencia-e-criminologia","category-livros","category-seguranca-publica-e-defesa"],"views":376,"_links":{"self":[{"href":"https:\/\/www.bibliotecadeseguranca.com.br\/fr\/wp-json\/wp\/v2\/posts\/4496","targetHints":{"allow":["GET"]}}],"collection":[{"href":"https:\/\/www.bibliotecadeseguranca.com.br\/fr\/wp-json\/wp\/v2\/posts"}],"about":[{"href":"https:\/\/www.bibliotecadeseguranca.com.br\/fr\/wp-json\/wp\/v2\/types\/post"}],"author":[{"embeddable":true,"href":"https:\/\/www.bibliotecadeseguranca.com.br\/fr\/wp-json\/wp\/v2\/users\/3"}],"replies":[{"embeddable":true,"href":"https:\/\/www.bibliotecadeseguranca.com.br\/fr\/wp-json\/wp\/v2\/comments?post=4496"}],"version-history":[{"count":3,"href":"https:\/\/www.bibliotecadeseguranca.com.br\/fr\/wp-json\/wp\/v2\/posts\/4496\/revisions"}],"predecessor-version":[{"id":9577,"href":"https:\/\/www.bibliotecadeseguranca.com.br\/fr\/wp-json\/wp\/v2\/posts\/4496\/revisions\/9577"}],"wp:featuredmedia":[{"embeddable":true,"href":"https:\/\/www.bibliotecadeseguranca.com.br\/fr\/wp-json\/wp\/v2\/media\/4497"}],"wp:attachment":[{"href":"https:\/\/www.bibliotecadeseguranca.com.br\/fr\/wp-json\/wp\/v2\/media?parent=4496"}],"wp:term":[{"taxonomy":"category","embeddable":true,"href":"https:\/\/www.bibliotecadeseguranca.com.br\/fr\/wp-json\/wp\/v2\/categories?post=4496"},{"taxonomy":"post_tag","embeddable":true,"href":"https:\/\/www.bibliotecadeseguranca.com.br\/fr\/wp-json\/wp\/v2\/tags?post=4496"}],"curies":[{"name":"wp","href":"https:\/\/api.w.org\/{rel}","templated":true}]}}