{"id":442,"date":"2012-06-10T16:10:01","date_gmt":"2012-06-10T16:10:01","guid":{"rendered":"http:\/\/www.bibliotecadeseguranca.com.br\/fr\/?p=442"},"modified":"2022-05-05T14:55:33","modified_gmt":"2022-05-05T17:55:33","slug":"manual-de-planejamento-de-emergencias-como-desenvolver-e-redigir-um-plano-de-emergencias","status":"publish","type":"post","link":"https:\/\/www.bibliotecadeseguranca.com.br\/fr\/livros\/manual-de-planejamento-de-emergencias-como-desenvolver-e-redigir-um-plano-de-emergencias\/","title":{"rendered":"Manual de Planejamento de Emerg\u00eancias &#8211; Como Desenvolver e Redigir um Plano de Emerg\u00eancias"},"content":{"rendered":"<p><strong><img loading=\"lazy\" decoding=\"async\" class=\"alignleft size-full wp-image-443\" src=\"http:\/\/www.bibliotecadeseguranca.com.br\/fr\/wp-content\/uploads\/2011\/02\/manual-de-planejamento-de-emergencias-como-desenvolver-e-redigir-um-plano-de-emergencias.jpg\" alt=\"\" width=\"139\" height=\"193\" srcset=\"https:\/\/www.bibliotecadeseguranca.com.br\/fr\/wp-content\/uploads\/2011\/02\/manual-de-planejamento-de-emergencias-como-desenvolver-e-redigir-um-plano-de-emergencias.jpg 139w, https:\/\/www.bibliotecadeseguranca.com.br\/fr\/wp-content\/uploads\/2011\/02\/manual-de-planejamento-de-emergencias-como-desenvolver-e-redigir-um-plano-de-emergencias-108x150.jpg 108w\" sizes=\"auto, (max-width: 139px) 100vw, 139px\" \/><span style=\"color: #003366;\">Aurea Guzm\u00e1n, CPP e Jos\u00e9 Tarcisio de Carvalho Neves, CPP<\/span><\/strong><\/p>\n<p><span style=\"color: #003366;\"><strong>Maison d&#8217;\u00e9dition CN Editorial<\/strong><\/span><\/p>\n<p style=\"text-align: justify;\"><span style=\"color: #003366;\"><strong>R\u00e9sum\u00e9: <\/strong><\/span>Orienta e descreve como redigir um Plano de Emerg\u00eancia, desde a fase do Planejamento at\u00e9 a ativa\u00e7\u00e3o, passando pela prepara\u00e7\u00e3o da estrutura e da An\u00e1lise e do Desenvolvimento. Trata da Pol\u00edtica para a Administra\u00e7\u00e3o de Emerg\u00eancias e Desastres e da Pol\u00edtica para a Continuidade do Neg\u00f3cio. Aborda tamb\u00e9m processos para valida\u00e7\u00e3o e atualiza\u00e7\u00e3o do Plano de Emerg\u00eancias. Cont\u00e9m procedimentos gerais para a atua\u00e7\u00e3o em Emerg\u00eancias e Evacua\u00e7\u00f5es e para a realiza\u00e7\u00e3o de simula\u00e7\u00f5es.<\/p>\n<p>Manual de Planejamento de Emerg\u00eancias Como desenvolver e redigir um Plano de Emerg\u00eancias 1a Edi\u00e7\u00e3o Dados Internacionais de Cataloga\u00e7\u00e3o na Publica\u00e7\u00e3o (CIP) (C\u00e2mara Brasileira do Livro, SP, Brasil) Guzm\u00e1n, Aurea V. e Neves, Jos\u00e9 Tarcisio de Carvalho Manual de Planejamento de Emerg\u00eancias: como desenvolver e redigir um plano de emerg\u00eancias \/ Aurea V. Guzm\u00e1n, Jos\u00e9 Tarcisio de Carvalho Neves. \u2013 Rio Grande da Serra, SP: CN Editorial e Servi\u00e7os, 2000. 1. Emerg\u00eancias \u2013 Administra\u00e7\u00e3o \u2013 Planejamento I. Neves, Jos\u00e9 Tarcisio de Carvalho. II. T\u00edtulo. 00-4282 CDD-658.477 \u00cdndices para cat\u00e1logo sistem\u00e1tico 1. Emerg\u00eancias \u2013 Planejamento \u2013 Administra\u00e7\u00e3o de empresas 658.477 Preparado por: Aurea V. Guzm\u00e1n, CPP Presidente AG International Business Consultants, Inc. Orlando, Florida USA Jos\u00e9 Tarcisio de Carvalho Neves, CPP Diretor Superintendente EMFORVIGIL S\/A S\u00e3o Paulo \u2013 SP BRASIL.<\/p>\n<p><a href=\"https:\/\/www.bibliotecadeseguranca.com.br\/wp-content\/uploads\/2022\/05\/manual-de-planejamento-de-emergencias-como-desenvolver-e-redigir-um-plano-de-emergencias.pdf\" target=\"_blank\" rel=\"noopener\"><img loading=\"lazy\" decoding=\"async\" class=\"alignleft wp-image-12143 size-full\" src=\"https:\/\/www.bibliotecadeseguranca.com.br\/fr\/wp-content\/uploads\/2015\/03\/download_fr.gif\" alt=\"T\u00e9l\u00e9charger\" width=\"107\" height=\"25\" \/><\/a><\/p>\n","protected":false},"excerpt":{"rendered":"<p>Aurea Guzm\u00e1n, CPP e Jos\u00e9 Tarcisio de Carvalho Neves, CPP Maison d&#8217;\u00e9dition CN Editorial R\u00e9sum\u00e9: Orienta e descreve como redigir um Plano de Emerg\u00eancia, desde a fase do Planejamento at\u00e9 a ativa\u00e7\u00e3o, passando pela prepara\u00e7\u00e3o da estrutura e da An\u00e1lise e do Desenvolvimento. Trata da Pol\u00edtica para a Administra\u00e7\u00e3o de Emerg\u00eancias e Desastres e da Pol\u00edtica para a Continuidade do Neg\u00f3cio. Aborda tamb\u00e9m processos para valida\u00e7\u00e3o e atualiza\u00e7\u00e3o do Plano&hellip; <\/p>\n","protected":false},"author":3,"featured_media":443,"comment_status":"open","ping_status":"closed","sticky":false,"template":"","format":"standard","meta":{"footnotes":""},"categories":[6,12],"tags":[],"class_list":["post-442","post","type-post","status-publish","format-standard","has-post-thumbnail","hentry","category-livros","category-emergencia-e-contingencia"],"views":391,"_links":{"self":[{"href":"https:\/\/www.bibliotecadeseguranca.com.br\/fr\/wp-json\/wp\/v2\/posts\/442","targetHints":{"allow":["GET"]}}],"collection":[{"href":"https:\/\/www.bibliotecadeseguranca.com.br\/fr\/wp-json\/wp\/v2\/posts"}],"about":[{"href":"https:\/\/www.bibliotecadeseguranca.com.br\/fr\/wp-json\/wp\/v2\/types\/post"}],"author":[{"embeddable":true,"href":"https:\/\/www.bibliotecadeseguranca.com.br\/fr\/wp-json\/wp\/v2\/users\/3"}],"replies":[{"embeddable":true,"href":"https:\/\/www.bibliotecadeseguranca.com.br\/fr\/wp-json\/wp\/v2\/comments?post=442"}],"version-history":[{"count":9,"href":"https:\/\/www.bibliotecadeseguranca.com.br\/fr\/wp-json\/wp\/v2\/posts\/442\/revisions"}],"predecessor-version":[{"id":18119,"href":"https:\/\/www.bibliotecadeseguranca.com.br\/fr\/wp-json\/wp\/v2\/posts\/442\/revisions\/18119"}],"wp:featuredmedia":[{"embeddable":true,"href":"https:\/\/www.bibliotecadeseguranca.com.br\/fr\/wp-json\/wp\/v2\/media\/443"}],"wp:attachment":[{"href":"https:\/\/www.bibliotecadeseguranca.com.br\/fr\/wp-json\/wp\/v2\/media?parent=442"}],"wp:term":[{"taxonomy":"category","embeddable":true,"href":"https:\/\/www.bibliotecadeseguranca.com.br\/fr\/wp-json\/wp\/v2\/categories?post=442"},{"taxonomy":"post_tag","embeddable":true,"href":"https:\/\/www.bibliotecadeseguranca.com.br\/fr\/wp-json\/wp\/v2\/tags?post=442"}],"curies":[{"name":"wp","href":"https:\/\/api.w.org\/{rel}","templated":true}]}}