{"id":439,"date":"2012-06-10T16:08:55","date_gmt":"2012-06-10T16:08:55","guid":{"rendered":"http:\/\/www.bibliotecadeseguranca.com.br\/fr\/?p=439"},"modified":"2014-02-06T03:01:21","modified_gmt":"2014-02-06T06:01:21","slug":"gerenciando-crises-em-seguranca","status":"publish","type":"post","link":"https:\/\/www.bibliotecadeseguranca.com.br\/fr\/livros\/gerenciando-crises-em-seguranca\/","title":{"rendered":"Gerenciando Crises em Seguran\u00e7a"},"content":{"rendered":"<p><strong><img loading=\"lazy\" decoding=\"async\" class=\"alignleft size-full wp-image-440\" alt=\"\" src=\"http:\/\/www.bibliotecadeseguranca.com.br\/fr\/wp-content\/uploads\/2011\/02\/gerenciando-crises-em-seguranca.jpg\" width=\"135\" height=\"193\" srcset=\"https:\/\/www.bibliotecadeseguranca.com.br\/fr\/wp-content\/uploads\/2011\/02\/gerenciando-crises-em-seguranca.jpg 135w, https:\/\/www.bibliotecadeseguranca.com.br\/fr\/wp-content\/uploads\/2011\/02\/gerenciando-crises-em-seguranca-104x150.jpg 104w\" sizes=\"auto, (max-width: 135px) 100vw, 135px\" \/><span style=\"color: #003366;\">Wanderley Mascarenhas de Souza<\/span><\/strong><\/p>\n<p><span style=\"color: #003366;\"><strong>Editor Sicurezza<\/strong><\/span><\/p>\n<p style=\"text-align: justify;\"><span style=\"color: #003366;\"><strong>Descripci\u00f3n:<\/strong><\/span> O exerc\u00edcio da seguran\u00e7a, seja p\u00fablica ou privada, exige de seus participantes a plena conscientiza\u00e7\u00e3o da necessidade de uma doutrina de seguran\u00e7a e risco, de um ambiente bem organizado e de ferramentas adequadas. Nesse contexto, o cidad\u00e3o, respons\u00e1vel pela sua pr\u00f3pria seguran\u00e7a p\u00fablica, e as empresas de seguran\u00e7a privada, tem o dever de conhecer e avaliar os riscos prov\u00e1veis que os cercam a fim de evit\u00e1-los, preveni-los e inibi-los.<\/p>\n","protected":false},"excerpt":{"rendered":"<p>Wanderley Mascarenhas de Souza Editor Sicurezza Descripci\u00f3n: O exerc\u00edcio da seguran\u00e7a, seja p\u00fablica ou privada, exige de seus participantes a plena conscientiza\u00e7\u00e3o da necessidade de uma doutrina de seguran\u00e7a e risco, de um ambiente bem organizado e de ferramentas adequadas. Nesse contexto, o cidad\u00e3o, respons\u00e1vel pela sua pr\u00f3pria seguran\u00e7a p\u00fablica, e as empresas de seguran\u00e7a privada, tem o dever de conhecer e avaliar os riscos prov\u00e1veis que os cercam a&hellip; <\/p>\n","protected":false},"author":3,"featured_media":440,"comment_status":"open","ping_status":"closed","sticky":false,"template":"","format":"standard","meta":{"footnotes":""},"categories":[6,12],"tags":[],"class_list":["post-439","post","type-post","status-publish","format-standard","has-post-thumbnail","hentry","category-livros","category-emergencia-e-contingencia"],"views":532,"_links":{"self":[{"href":"https:\/\/www.bibliotecadeseguranca.com.br\/fr\/wp-json\/wp\/v2\/posts\/439","targetHints":{"allow":["GET"]}}],"collection":[{"href":"https:\/\/www.bibliotecadeseguranca.com.br\/fr\/wp-json\/wp\/v2\/posts"}],"about":[{"href":"https:\/\/www.bibliotecadeseguranca.com.br\/fr\/wp-json\/wp\/v2\/types\/post"}],"author":[{"embeddable":true,"href":"https:\/\/www.bibliotecadeseguranca.com.br\/fr\/wp-json\/wp\/v2\/users\/3"}],"replies":[{"embeddable":true,"href":"https:\/\/www.bibliotecadeseguranca.com.br\/fr\/wp-json\/wp\/v2\/comments?post=439"}],"version-history":[{"count":7,"href":"https:\/\/www.bibliotecadeseguranca.com.br\/fr\/wp-json\/wp\/v2\/posts\/439\/revisions"}],"predecessor-version":[{"id":9243,"href":"https:\/\/www.bibliotecadeseguranca.com.br\/fr\/wp-json\/wp\/v2\/posts\/439\/revisions\/9243"}],"wp:featuredmedia":[{"embeddable":true,"href":"https:\/\/www.bibliotecadeseguranca.com.br\/fr\/wp-json\/wp\/v2\/media\/440"}],"wp:attachment":[{"href":"https:\/\/www.bibliotecadeseguranca.com.br\/fr\/wp-json\/wp\/v2\/media?parent=439"}],"wp:term":[{"taxonomy":"category","embeddable":true,"href":"https:\/\/www.bibliotecadeseguranca.com.br\/fr\/wp-json\/wp\/v2\/categories?post=439"},{"taxonomy":"post_tag","embeddable":true,"href":"https:\/\/www.bibliotecadeseguranca.com.br\/fr\/wp-json\/wp\/v2\/tags?post=439"}],"curies":[{"name":"wp","href":"https:\/\/api.w.org\/{rel}","templated":true}]}}