{"id":4181,"date":"2012-11-17T06:23:46","date_gmt":"2012-11-17T09:23:46","guid":{"rendered":"http:\/\/www.bibliotecadeseguranca.com.br\/fr\/?p=4181"},"modified":"2014-11-11T20:24:38","modified_gmt":"2014-11-11T23:24:38","slug":"espionagem-e-democracia","status":"publish","type":"post","link":"https:\/\/www.bibliotecadeseguranca.com.br\/fr\/livros\/espionagem-e-democracia\/","title":{"rendered":"Espionagem e Democracia"},"content":{"rendered":"<p><strong><img loading=\"lazy\" decoding=\"async\" class=\"alignleft size-full wp-image-4182\" title=\"Espionagem e Democracia\" alt=\"\" src=\"http:\/\/www.bibliotecadeseguranca.com.br\/fr\/wp-content\/uploads\/2012\/11\/espionagem-e-democracia.jpg\" width=\"150\" height=\"180\" srcset=\"https:\/\/www.bibliotecadeseguranca.com.br\/fr\/wp-content\/uploads\/2012\/11\/espionagem-e-democracia.jpg 150w, https:\/\/www.bibliotecadeseguranca.com.br\/fr\/wp-content\/uploads\/2012\/11\/espionagem-e-democracia-125x150.jpg 125w\" sizes=\"auto, (max-width: 150px) 100vw, 150px\" \/><span style=\"color: #003366;\">Marco Aur\u00e9lio Chaves Cepik<\/span><\/strong><\/p>\n<p><span style=\"color: #003366;\"><strong>Editor FGV<\/strong><\/span><\/p>\n<p><span style=\"color: #003366;\"><strong>Descripci\u00f3n:<\/strong><\/span> Ap\u00f3s o 11 de Setembro, o papel e as atividades dos servi\u00e7os de intelig\u00eancia voltaram ao primeiro plano da pauta de discuss\u00f5es. At\u00e9 onde \u00e9 justificada e necess\u00e1ria a invas\u00e3o da vida dos cidad\u00e3os? At\u00e9 onde nos levar\u00e1 a guerra contra o terrorismo? Quem pode ter acesso \u00e0s informa\u00e7\u00f5es? O imperativo da seguran\u00e7a \u00e9 incompat\u00edvel com o estado de direito? Este livro \u00e9 uma oportunidade de se conhecer mais sobre esse objeto cinzento que s\u00e3o os servi\u00e7os de intelig\u00eancia, cuja maior e sempre necess\u00e1ria transpar\u00eancia depende da exist\u00eancia de institui\u00e7\u00f5es est\u00e1veis de fiscaliza\u00e7\u00e3o e controle s\u00f3 encontr\u00e1veis em contextos democr\u00e1ticos.<\/p>\n","protected":false},"excerpt":{"rendered":"<p>Marco Aur\u00e9lio Chaves Cepik Editor FGV Descripci\u00f3n: Ap\u00f3s o 11 de Setembro, o papel e as atividades dos servi\u00e7os de intelig\u00eancia voltaram ao primeiro plano da pauta de discuss\u00f5es. At\u00e9 onde \u00e9 justificada e necess\u00e1ria a invas\u00e3o da vida dos cidad\u00e3os? At\u00e9 onde nos levar\u00e1 a guerra contra o terrorismo? Quem pode ter acesso \u00e0s informa\u00e7\u00f5es? O imperativo da seguran\u00e7a \u00e9 incompat\u00edvel com o estado de direito? Este livro \u00e9&hellip; <\/p>\n","protected":false},"author":3,"featured_media":4182,"comment_status":"open","ping_status":"closed","sticky":false,"template":"","format":"standard","meta":{"footnotes":""},"categories":[10,30,6,20],"tags":[],"class_list":["post-4181","post","type-post","status-publish","format-standard","has-post-thumbnail","hentry","category-crime-violencia-e-criminologia","category-espionagem-e-inteligencia-competitiva","category-livros","category-seguranca-da-informacao"],"views":267,"_links":{"self":[{"href":"https:\/\/www.bibliotecadeseguranca.com.br\/fr\/wp-json\/wp\/v2\/posts\/4181","targetHints":{"allow":["GET"]}}],"collection":[{"href":"https:\/\/www.bibliotecadeseguranca.com.br\/fr\/wp-json\/wp\/v2\/posts"}],"about":[{"href":"https:\/\/www.bibliotecadeseguranca.com.br\/fr\/wp-json\/wp\/v2\/types\/post"}],"author":[{"embeddable":true,"href":"https:\/\/www.bibliotecadeseguranca.com.br\/fr\/wp-json\/wp\/v2\/users\/3"}],"replies":[{"embeddable":true,"href":"https:\/\/www.bibliotecadeseguranca.com.br\/fr\/wp-json\/wp\/v2\/comments?post=4181"}],"version-history":[{"count":8,"href":"https:\/\/www.bibliotecadeseguranca.com.br\/fr\/wp-json\/wp\/v2\/posts\/4181\/revisions"}],"predecessor-version":[{"id":10359,"href":"https:\/\/www.bibliotecadeseguranca.com.br\/fr\/wp-json\/wp\/v2\/posts\/4181\/revisions\/10359"}],"wp:featuredmedia":[{"embeddable":true,"href":"https:\/\/www.bibliotecadeseguranca.com.br\/fr\/wp-json\/wp\/v2\/media\/4182"}],"wp:attachment":[{"href":"https:\/\/www.bibliotecadeseguranca.com.br\/fr\/wp-json\/wp\/v2\/media?parent=4181"}],"wp:term":[{"taxonomy":"category","embeddable":true,"href":"https:\/\/www.bibliotecadeseguranca.com.br\/fr\/wp-json\/wp\/v2\/categories?post=4181"},{"taxonomy":"post_tag","embeddable":true,"href":"https:\/\/www.bibliotecadeseguranca.com.br\/fr\/wp-json\/wp\/v2\/tags?post=4181"}],"curies":[{"name":"wp","href":"https:\/\/api.w.org\/{rel}","templated":true}]}}