{"id":4128,"date":"2012-11-16T22:38:13","date_gmt":"2012-11-17T01:38:13","guid":{"rendered":"http:\/\/www.bibliotecadeseguranca.com.br\/fr\/?p=4128"},"modified":"2014-02-06T01:22:31","modified_gmt":"2014-02-06T04:22:31","slug":"como-se-comportar-enquanto-refem","status":"publish","type":"post","link":"https:\/\/www.bibliotecadeseguranca.com.br\/fr\/livros\/como-se-comportar-enquanto-refem\/","title":{"rendered":"Como se Comportar Enquanto Ref\u00e9m"},"content":{"rendered":"<p><strong><img loading=\"lazy\" decoding=\"async\" class=\"alignleft size-full wp-image-4129\" title=\"Como se comportar enquanto refem\" alt=\"\" src=\"http:\/\/www.bibliotecadeseguranca.com.br\/fr\/wp-content\/uploads\/2012\/11\/como-se-comportar-enquanto-refem.jpg\" width=\"150\" height=\"180\" srcset=\"https:\/\/www.bibliotecadeseguranca.com.br\/fr\/wp-content\/uploads\/2012\/11\/como-se-comportar-enquanto-refem.jpg 150w, https:\/\/www.bibliotecadeseguranca.com.br\/fr\/wp-content\/uploads\/2012\/11\/como-se-comportar-enquanto-refem-125x150.jpg 125w\" sizes=\"auto, (max-width: 150px) 100vw, 150px\" \/><span style=\"color: #003366;\">Wanderley Mascarenhas De Souza<\/span><\/strong><\/p>\n<p><span style=\"color: #003366;\"><strong>Editor \u00cdcone<\/strong><\/span><\/p>\n<p><span style=\"color: #003366;\"><strong>Descripci\u00f3n:<\/strong><\/span> O objetivo principal \u00e9 indicar ao leitor o comportamento adequado \u00e0s suas pr\u00f3prias atitudes e \u00e0s da pol\u00edcia que administra o evento cr\u00edtico. De outro lado, objetiva servir aos grupos cuja miss\u00e3o exige capacidade, precis\u00e3o e consci\u00eancia dos riscos.<\/p>\n","protected":false},"excerpt":{"rendered":"<p>Wanderley Mascarenhas De Souza Editor \u00cdcone Descripci\u00f3n: O objetivo principal \u00e9 indicar ao leitor o comportamento adequado \u00e0s suas pr\u00f3prias atitudes e \u00e0s da pol\u00edcia que administra o evento cr\u00edtico. De outro lado, objetiva servir aos grupos cuja miss\u00e3o exige capacidade, precis\u00e3o e consci\u00eancia dos riscos.<\/p>\n","protected":false},"author":3,"featured_media":4129,"comment_status":"open","ping_status":"closed","sticky":false,"template":"","format":"standard","meta":{"footnotes":""},"categories":[6,24],"tags":[],"class_list":["post-4128","post","type-post","status-publish","format-standard","has-post-thumbnail","hentry","category-livros","category-seguranca-pessoal-e-sequestro"],"views":274,"_links":{"self":[{"href":"https:\/\/www.bibliotecadeseguranca.com.br\/fr\/wp-json\/wp\/v2\/posts\/4128","targetHints":{"allow":["GET"]}}],"collection":[{"href":"https:\/\/www.bibliotecadeseguranca.com.br\/fr\/wp-json\/wp\/v2\/posts"}],"about":[{"href":"https:\/\/www.bibliotecadeseguranca.com.br\/fr\/wp-json\/wp\/v2\/types\/post"}],"author":[{"embeddable":true,"href":"https:\/\/www.bibliotecadeseguranca.com.br\/fr\/wp-json\/wp\/v2\/users\/3"}],"replies":[{"embeddable":true,"href":"https:\/\/www.bibliotecadeseguranca.com.br\/fr\/wp-json\/wp\/v2\/comments?post=4128"}],"version-history":[{"count":11,"href":"https:\/\/www.bibliotecadeseguranca.com.br\/fr\/wp-json\/wp\/v2\/posts\/4128\/revisions"}],"predecessor-version":[{"id":9505,"href":"https:\/\/www.bibliotecadeseguranca.com.br\/fr\/wp-json\/wp\/v2\/posts\/4128\/revisions\/9505"}],"wp:featuredmedia":[{"embeddable":true,"href":"https:\/\/www.bibliotecadeseguranca.com.br\/fr\/wp-json\/wp\/v2\/media\/4129"}],"wp:attachment":[{"href":"https:\/\/www.bibliotecadeseguranca.com.br\/fr\/wp-json\/wp\/v2\/media?parent=4128"}],"wp:term":[{"taxonomy":"category","embeddable":true,"href":"https:\/\/www.bibliotecadeseguranca.com.br\/fr\/wp-json\/wp\/v2\/categories?post=4128"},{"taxonomy":"post_tag","embeddable":true,"href":"https:\/\/www.bibliotecadeseguranca.com.br\/fr\/wp-json\/wp\/v2\/tags?post=4128"}],"curies":[{"name":"wp","href":"https:\/\/api.w.org\/{rel}","templated":true}]}}