{"id":406,"date":"2012-06-10T15:34:59","date_gmt":"2012-06-10T15:34:59","guid":{"rendered":"http:\/\/www.bibliotecadeseguranca.com.br\/fr\/?p=406"},"modified":"2014-02-06T03:02:13","modified_gmt":"2014-02-06T06:02:13","slug":"pcc-a-faccao","status":"publish","type":"post","link":"https:\/\/www.bibliotecadeseguranca.com.br\/fr\/livros\/pcc-a-faccao\/","title":{"rendered":"PCC &#8211; A Fac\u00e7\u00e3o"},"content":{"rendered":"<p><strong><img loading=\"lazy\" decoding=\"async\" class=\"alignleft size-full wp-image-407\" alt=\"\" src=\"http:\/\/www.bibliotecadeseguranca.com.br\/fr\/wp-content\/uploads\/2011\/02\/pcc-a-faccao.jpg\" width=\"124\" height=\"187\" srcset=\"https:\/\/www.bibliotecadeseguranca.com.br\/fr\/wp-content\/uploads\/2011\/02\/pcc-a-faccao.jpg 124w, https:\/\/www.bibliotecadeseguranca.com.br\/fr\/wp-content\/uploads\/2011\/02\/pcc-a-faccao-99x150.jpg 99w\" sizes=\"auto, (max-width: 124px) 100vw, 124px\" \/><span style=\"color: #003366;\">F\u00e1tima Souza<\/span><\/strong><\/p>\n<p><span style=\"color: #003366;\"><strong>Editor Record<\/strong><\/span><\/p>\n<p style=\"text-align: justify;\"><span style=\"color: #003366;\"><strong>Descripci\u00f3n: <\/strong><\/span>Designada pela TV Bandeirantes para fazer reportagens nos grandes pres\u00eddios da capital paulista em meados dos anos 1990, a jornalista F\u00e1tima Sousa n\u00e3o imaginava estar diante do maior &#8220;furo&#8221; de sua carreira. F\u00e1tima manteve contato direto durante anos com os principais l\u00edderes do PCC, que n\u00e3o hesitaram em lhe fornecer informa\u00e7\u00f5es detalhadas sobre A Fac\u00e7\u00e3o &#8211; relatos impressionantes sobre como, de dentro das pris\u00f5es, os criminosos comandam o funcionamento do tr\u00e1fico de drogas nas favelas e arquitetam seq\u00fcestros, roubos, fugas e assassinatos. \u00c9 assim, por meio de epis\u00f3dios impressionantes, que o livro envolve o leitor em sua trama que mais lembra um filme de a\u00e7\u00e3o do que a realidade que nos espreita ao lado.<\/p>\n","protected":false},"excerpt":{"rendered":"<p>F\u00e1tima Souza Editor Record Descripci\u00f3n: Designada pela TV Bandeirantes para fazer reportagens nos grandes pres\u00eddios da capital paulista em meados dos anos 1990, a jornalista F\u00e1tima Sousa n\u00e3o imaginava estar diante do maior &#8220;furo&#8221; de sua carreira. F\u00e1tima manteve contato direto durante anos com os principais l\u00edderes do PCC, que n\u00e3o hesitaram em lhe fornecer informa\u00e7\u00f5es detalhadas sobre A Fac\u00e7\u00e3o &#8211; relatos impressionantes sobre como, de dentro das pris\u00f5es, os&hellip; <\/p>\n","protected":false},"author":3,"featured_media":407,"comment_status":"open","ping_status":"closed","sticky":false,"template":"","format":"standard","meta":{"footnotes":""},"categories":[10,6],"tags":[],"class_list":["post-406","post","type-post","status-publish","format-standard","has-post-thumbnail","hentry","category-crime-violencia-e-criminologia","category-livros"],"views":309,"_links":{"self":[{"href":"https:\/\/www.bibliotecadeseguranca.com.br\/fr\/wp-json\/wp\/v2\/posts\/406","targetHints":{"allow":["GET"]}}],"collection":[{"href":"https:\/\/www.bibliotecadeseguranca.com.br\/fr\/wp-json\/wp\/v2\/posts"}],"about":[{"href":"https:\/\/www.bibliotecadeseguranca.com.br\/fr\/wp-json\/wp\/v2\/types\/post"}],"author":[{"embeddable":true,"href":"https:\/\/www.bibliotecadeseguranca.com.br\/fr\/wp-json\/wp\/v2\/users\/3"}],"replies":[{"embeddable":true,"href":"https:\/\/www.bibliotecadeseguranca.com.br\/fr\/wp-json\/wp\/v2\/comments?post=406"}],"version-history":[{"count":7,"href":"https:\/\/www.bibliotecadeseguranca.com.br\/fr\/wp-json\/wp\/v2\/posts\/406\/revisions"}],"predecessor-version":[{"id":9231,"href":"https:\/\/www.bibliotecadeseguranca.com.br\/fr\/wp-json\/wp\/v2\/posts\/406\/revisions\/9231"}],"wp:featuredmedia":[{"embeddable":true,"href":"https:\/\/www.bibliotecadeseguranca.com.br\/fr\/wp-json\/wp\/v2\/media\/407"}],"wp:attachment":[{"href":"https:\/\/www.bibliotecadeseguranca.com.br\/fr\/wp-json\/wp\/v2\/media?parent=406"}],"wp:term":[{"taxonomy":"category","embeddable":true,"href":"https:\/\/www.bibliotecadeseguranca.com.br\/fr\/wp-json\/wp\/v2\/categories?post=406"},{"taxonomy":"post_tag","embeddable":true,"href":"https:\/\/www.bibliotecadeseguranca.com.br\/fr\/wp-json\/wp\/v2\/tags?post=406"}],"curies":[{"name":"wp","href":"https:\/\/api.w.org\/{rel}","templated":true}]}}