{"id":3983,"date":"2012-11-16T09:37:58","date_gmt":"2012-11-16T12:37:58","guid":{"rendered":"http:\/\/www.bibliotecadeseguranca.com.br\/fr\/?p=3983"},"modified":"2014-11-06T07:17:56","modified_gmt":"2014-11-06T10:17:56","slug":"da-privacidade-a-protecao-de-dados-pessoais","status":"publish","type":"post","link":"https:\/\/www.bibliotecadeseguranca.com.br\/fr\/livros\/da-privacidade-a-protecao-de-dados-pessoais\/","title":{"rendered":"Da Privacidade \u00e0 Prote\u00e7\u00e3o de Dados Pessoais"},"content":{"rendered":"<p><strong><img loading=\"lazy\" decoding=\"async\" class=\"alignleft size-full wp-image-3984\" title=\"Da Privacidade \u00e0 Prote\u00e7\u00e3o de Dados Pessoais\" src=\"http:\/\/www.bibliotecadeseguranca.com.br\/fr\/wp-content\/uploads\/2012\/11\/da-privacidade-a-protecao-de-dados-pessoais.jpg\" alt=\"\" width=\"150\" height=\"180\" srcset=\"https:\/\/www.bibliotecadeseguranca.com.br\/fr\/wp-content\/uploads\/2012\/11\/da-privacidade-a-protecao-de-dados-pessoais.jpg 150w, https:\/\/www.bibliotecadeseguranca.com.br\/fr\/wp-content\/uploads\/2012\/11\/da-privacidade-a-protecao-de-dados-pessoais-125x150.jpg 125w\" sizes=\"auto, (max-width: 150px) 100vw, 150px\" \/><span style=\"color: #003366;\">Danilo Doneda<\/span><\/strong><\/p>\n<p><span style=\"color: #003366;\"><strong>Editor Renovar<\/strong><\/span><\/p>\n<p><span style=\"color: #003366;\"><strong>Descripci\u00f3n:<\/strong><\/span> A utiliza\u00e7\u00e3o dos dados pessoais \u00e9 um dos novos recursos do nosso tempo. Planejamento administrativo, com\u00e9rcio, estat\u00edstica, comunica\u00e7\u00f5es, marketing e tantas mais: s\u00e3o muitas as \u00e1reas que, diretamente ou indiretamente, recorrem ao tratamento de dados pessoais para obter um determinado aumento de efici\u00eancia. O aumento de efici\u00eancia proporcionado pela utiliza\u00e7\u00e3o de dados pessoais deve ser balanceado com a necessiadade de proteger a pessoa, evitando que esta se submeta \u00e0 devassa de sua privacidade e ao controle por meio do tratamento de seus dados pessoais e permitindo que mantenha intacta sua dignidade, integridade, autonomia e liberdade pessoal. Esta \u00e9, em s\u00edntese, a exposi\u00e7\u00e3o de motivos para a prote\u00e7\u00e3o de dados pessoais, que \u00e9 o tema central deste livro.<\/p>\n","protected":false},"excerpt":{"rendered":"<p>Danilo Doneda Editor Renovar Descripci\u00f3n: A utiliza\u00e7\u00e3o dos dados pessoais \u00e9 um dos novos recursos do nosso tempo. Planejamento administrativo, com\u00e9rcio, estat\u00edstica, comunica\u00e7\u00f5es, marketing e tantas mais: s\u00e3o muitas as \u00e1reas que, diretamente ou indiretamente, recorrem ao tratamento de dados pessoais para obter um determinado aumento de efici\u00eancia. O aumento de efici\u00eancia proporcionado pela utiliza\u00e7\u00e3o de dados pessoais deve ser balanceado com a necessiadade de proteger a pessoa, evitando que&hellip; <\/p>\n","protected":false},"author":3,"featured_media":3984,"comment_status":"open","ping_status":"closed","sticky":false,"template":"","format":"standard","meta":{"footnotes":""},"categories":[6,24],"tags":[],"class_list":["post-3983","post","type-post","status-publish","format-standard","has-post-thumbnail","hentry","category-livros","category-seguranca-pessoal-e-sequestro"],"views":521,"_links":{"self":[{"href":"https:\/\/www.bibliotecadeseguranca.com.br\/fr\/wp-json\/wp\/v2\/posts\/3983","targetHints":{"allow":["GET"]}}],"collection":[{"href":"https:\/\/www.bibliotecadeseguranca.com.br\/fr\/wp-json\/wp\/v2\/posts"}],"about":[{"href":"https:\/\/www.bibliotecadeseguranca.com.br\/fr\/wp-json\/wp\/v2\/types\/post"}],"author":[{"embeddable":true,"href":"https:\/\/www.bibliotecadeseguranca.com.br\/fr\/wp-json\/wp\/v2\/users\/3"}],"replies":[{"embeddable":true,"href":"https:\/\/www.bibliotecadeseguranca.com.br\/fr\/wp-json\/wp\/v2\/comments?post=3983"}],"version-history":[{"count":14,"href":"https:\/\/www.bibliotecadeseguranca.com.br\/fr\/wp-json\/wp\/v2\/posts\/3983\/revisions"}],"predecessor-version":[{"id":11632,"href":"https:\/\/www.bibliotecadeseguranca.com.br\/fr\/wp-json\/wp\/v2\/posts\/3983\/revisions\/11632"}],"wp:featuredmedia":[{"embeddable":true,"href":"https:\/\/www.bibliotecadeseguranca.com.br\/fr\/wp-json\/wp\/v2\/media\/3984"}],"wp:attachment":[{"href":"https:\/\/www.bibliotecadeseguranca.com.br\/fr\/wp-json\/wp\/v2\/media?parent=3983"}],"wp:term":[{"taxonomy":"category","embeddable":true,"href":"https:\/\/www.bibliotecadeseguranca.com.br\/fr\/wp-json\/wp\/v2\/categories?post=3983"},{"taxonomy":"post_tag","embeddable":true,"href":"https:\/\/www.bibliotecadeseguranca.com.br\/fr\/wp-json\/wp\/v2\/tags?post=3983"}],"curies":[{"name":"wp","href":"https:\/\/api.w.org\/{rel}","templated":true}]}}