{"id":3972,"date":"2012-11-16T09:20:23","date_gmt":"2012-11-16T12:20:23","guid":{"rendered":"http:\/\/www.bibliotecadeseguranca.com.br\/fr\/?p=3972"},"modified":"2014-11-11T20:25:38","modified_gmt":"2014-11-11T23:25:38","slug":"interceptacao-telefonica","status":"publish","type":"post","link":"https:\/\/www.bibliotecadeseguranca.com.br\/fr\/livros\/interceptacao-telefonica\/","title":{"rendered":"Intercepta\u00e7\u00e3o Telef\u00f4nica"},"content":{"rendered":"<p><strong><img loading=\"lazy\" decoding=\"async\" class=\"alignleft size-full wp-image-3973\" title=\"Intercepta\u00e7\u00e3o Telef\u00f4nica\" alt=\"\" src=\"http:\/\/www.bibliotecadeseguranca.com.br\/fr\/wp-content\/uploads\/2012\/11\/interceptacao-telefonica.jpg\" width=\"150\" height=\"180\" srcset=\"https:\/\/www.bibliotecadeseguranca.com.br\/fr\/wp-content\/uploads\/2012\/11\/interceptacao-telefonica.jpg 150w, https:\/\/www.bibliotecadeseguranca.com.br\/fr\/wp-content\/uploads\/2012\/11\/interceptacao-telefonica-125x150.jpg 125w\" sizes=\"auto, (max-width: 150px) 100vw, 150px\" \/><span style=\"color: #003366;\">Vicente Greco Filho<\/span><\/strong><\/p>\n<p><span style=\"color: #003366;\"><strong>Editor Saraiva<\/strong><\/span><\/p>\n<p><span style=\"color: #003366;\"><strong>Descripci\u00f3n:<\/strong><\/span> A obra Intercepta\u00e7\u00e3o telef\u00f4nica, que ora se apresenta em segunda edi\u00e7\u00e3o, conserva a estrutura original, mas \u00e9 enriquecida com novos aspectos decorrentes da aplica\u00e7\u00e3o da Lei e do surgimento de outros diplomas legislativos, destacando-se a Lei n\u00ba 9.605\/98, que inaugurou a responsabilidade penal da pessoa jur\u00eddica no direito nacional. Al\u00e9m disso, traz \u00e0 cola\u00e7\u00e3o o entendimento esposado por outros doutrinadores a respeito do tema, detidamente analisado pelo Autor, bem como a jurisprud\u00eancia atualizada dos Tribunais nacionais e estrangeiros.<\/p>\n","protected":false},"excerpt":{"rendered":"<p>Vicente Greco Filho Editor Saraiva Descripci\u00f3n: A obra Intercepta\u00e7\u00e3o telef\u00f4nica, que ora se apresenta em segunda edi\u00e7\u00e3o, conserva a estrutura original, mas \u00e9 enriquecida com novos aspectos decorrentes da aplica\u00e7\u00e3o da Lei e do surgimento de outros diplomas legislativos, destacando-se a Lei n\u00ba 9.605\/98, que inaugurou a responsabilidade penal da pessoa jur\u00eddica no direito nacional. Al\u00e9m disso, traz \u00e0 cola\u00e7\u00e3o o entendimento esposado por outros doutrinadores a respeito do tema,&hellip; <\/p>\n","protected":false},"author":3,"featured_media":3973,"comment_status":"open","ping_status":"closed","sticky":false,"template":"","format":"standard","meta":{"footnotes":""},"categories":[30,6,22],"tags":[],"class_list":["post-3972","post","type-post","status-publish","format-standard","has-post-thumbnail","hentry","category-espionagem-e-inteligencia-competitiva","category-livros","category-seguranca-eletronica"],"views":375,"_links":{"self":[{"href":"https:\/\/www.bibliotecadeseguranca.com.br\/fr\/wp-json\/wp\/v2\/posts\/3972","targetHints":{"allow":["GET"]}}],"collection":[{"href":"https:\/\/www.bibliotecadeseguranca.com.br\/fr\/wp-json\/wp\/v2\/posts"}],"about":[{"href":"https:\/\/www.bibliotecadeseguranca.com.br\/fr\/wp-json\/wp\/v2\/types\/post"}],"author":[{"embeddable":true,"href":"https:\/\/www.bibliotecadeseguranca.com.br\/fr\/wp-json\/wp\/v2\/users\/3"}],"replies":[{"embeddable":true,"href":"https:\/\/www.bibliotecadeseguranca.com.br\/fr\/wp-json\/wp\/v2\/comments?post=3972"}],"version-history":[{"count":12,"href":"https:\/\/www.bibliotecadeseguranca.com.br\/fr\/wp-json\/wp\/v2\/posts\/3972\/revisions"}],"predecessor-version":[{"id":9470,"href":"https:\/\/www.bibliotecadeseguranca.com.br\/fr\/wp-json\/wp\/v2\/posts\/3972\/revisions\/9470"}],"wp:featuredmedia":[{"embeddable":true,"href":"https:\/\/www.bibliotecadeseguranca.com.br\/fr\/wp-json\/wp\/v2\/media\/3973"}],"wp:attachment":[{"href":"https:\/\/www.bibliotecadeseguranca.com.br\/fr\/wp-json\/wp\/v2\/media?parent=3972"}],"wp:term":[{"taxonomy":"category","embeddable":true,"href":"https:\/\/www.bibliotecadeseguranca.com.br\/fr\/wp-json\/wp\/v2\/categories?post=3972"},{"taxonomy":"post_tag","embeddable":true,"href":"https:\/\/www.bibliotecadeseguranca.com.br\/fr\/wp-json\/wp\/v2\/tags?post=3972"}],"curies":[{"name":"wp","href":"https:\/\/api.w.org\/{rel}","templated":true}]}}