{"id":3940,"date":"2012-11-13T22:56:13","date_gmt":"2012-11-14T01:56:13","guid":{"rendered":"http:\/\/www.bibliotecadeseguranca.com.br\/fr\/?p=3940"},"modified":"2014-02-06T01:52:20","modified_gmt":"2014-02-06T04:52:20","slug":"principio-da-seguranca-coletiva-e-manutencao-da-paz-internacional","status":"publish","type":"post","link":"https:\/\/www.bibliotecadeseguranca.com.br\/fr\/livros\/principio-da-seguranca-coletiva-e-manutencao-da-paz-internacional\/","title":{"rendered":"Princ\u00edpio da Seguran\u00e7a Coletiva e Manuten\u00e7\u00e3o da Paz Internacional"},"content":{"rendered":"<p><strong><img loading=\"lazy\" decoding=\"async\" class=\"alignleft size-full wp-image-3941\" title=\"Princ\u00edpio da Seguran\u00e7a Coletiva e Manuten\u00e7\u00e3o da Paz Internacional\" alt=\"\" src=\"http:\/\/www.bibliotecadeseguranca.com.br\/fr\/wp-content\/uploads\/2012\/11\/principio-da-seguranca-coletiva-e-manutencao-da-paz-internacional.jpg\" width=\"150\" height=\"180\" srcset=\"https:\/\/www.bibliotecadeseguranca.com.br\/fr\/wp-content\/uploads\/2012\/11\/principio-da-seguranca-coletiva-e-manutencao-da-paz-internacional.jpg 150w, https:\/\/www.bibliotecadeseguranca.com.br\/fr\/wp-content\/uploads\/2012\/11\/principio-da-seguranca-coletiva-e-manutencao-da-paz-internacional-125x150.jpg 125w\" sizes=\"auto, (max-width: 150px) 100vw, 150px\" \/><span style=\"color: #003366;\">Andr\u00e9 Vin\u00edcius Tschumi<\/span><\/strong><\/p>\n<p><span style=\"color: #003366;\"><strong>Editor Juru\u00e1 <\/strong><\/span><\/p>\n<p><span style=\"color: #003366;\"><strong>Descripci\u00f3n: <\/strong><\/span>A Guerra Fria e o ataque ao Iraque em 2003, dentre outros conflitos internacionais, tornaram evidente a incapacidade do Conselho de Seguran\u00e7a para agir de acordo com a Carta da ONU. Concebido para assegurar a paz internacional, o Conselho de Seguran\u00e7a foi estruturado com base na id\u00e9ia da seguran\u00e7a coletiva. Contudo, conforme demonstrado no livro, essa institui\u00e7\u00e3o tem capacidade para agir, no m\u00e1ximo, conforme a leg\u00edtima defesa coletiva, princ\u00edpio bem menos complexo e de execu\u00e7\u00e3o mais f\u00e1cil. Logo, o objetivo da obra consiste em realizar um apurado estudo sobre a seguran\u00e7a coletiva, desde seus antecedentes, s\u00e9culos atr\u00e1s, at\u00e9 os dias atuais. Por conseq\u00fc\u00eancia, a pesquisa derruba diversas no\u00e7\u00f5es equivocadas sobre o conceito de seguran\u00e7a coletiva nas rela\u00e7\u00f5es internacionais e realiza uma reflex\u00e3o e uma cr\u00edtica sobre o Direito \u00e0 Guerra.<\/p>\n","protected":false},"excerpt":{"rendered":"<p>Andr\u00e9 Vin\u00edcius Tschumi Editor Juru\u00e1 Descripci\u00f3n: A Guerra Fria e o ataque ao Iraque em 2003, dentre outros conflitos internacionais, tornaram evidente a incapacidade do Conselho de Seguran\u00e7a para agir de acordo com a Carta da ONU. Concebido para assegurar a paz internacional, o Conselho de Seguran\u00e7a foi estruturado com base na id\u00e9ia da seguran\u00e7a coletiva. Contudo, conforme demonstrado no livro, essa institui\u00e7\u00e3o tem capacidade para agir, no m\u00e1ximo, conforme&hellip; <\/p>\n","protected":false},"author":3,"featured_media":3941,"comment_status":"open","ping_status":"closed","sticky":false,"template":"","format":"standard","meta":{"footnotes":""},"categories":[6,25],"tags":[],"class_list":["post-3940","post","type-post","status-publish","format-standard","has-post-thumbnail","hentry","category-livros","category-seguranca-publica-e-defesa"],"views":247,"_links":{"self":[{"href":"https:\/\/www.bibliotecadeseguranca.com.br\/fr\/wp-json\/wp\/v2\/posts\/3940","targetHints":{"allow":["GET"]}}],"collection":[{"href":"https:\/\/www.bibliotecadeseguranca.com.br\/fr\/wp-json\/wp\/v2\/posts"}],"about":[{"href":"https:\/\/www.bibliotecadeseguranca.com.br\/fr\/wp-json\/wp\/v2\/types\/post"}],"author":[{"embeddable":true,"href":"https:\/\/www.bibliotecadeseguranca.com.br\/fr\/wp-json\/wp\/v2\/users\/3"}],"replies":[{"embeddable":true,"href":"https:\/\/www.bibliotecadeseguranca.com.br\/fr\/wp-json\/wp\/v2\/comments?post=3940"}],"version-history":[{"count":7,"href":"https:\/\/www.bibliotecadeseguranca.com.br\/fr\/wp-json\/wp\/v2\/posts\/3940\/revisions"}],"predecessor-version":[{"id":9462,"href":"https:\/\/www.bibliotecadeseguranca.com.br\/fr\/wp-json\/wp\/v2\/posts\/3940\/revisions\/9462"}],"wp:featuredmedia":[{"embeddable":true,"href":"https:\/\/www.bibliotecadeseguranca.com.br\/fr\/wp-json\/wp\/v2\/media\/3941"}],"wp:attachment":[{"href":"https:\/\/www.bibliotecadeseguranca.com.br\/fr\/wp-json\/wp\/v2\/media?parent=3940"}],"wp:term":[{"taxonomy":"category","embeddable":true,"href":"https:\/\/www.bibliotecadeseguranca.com.br\/fr\/wp-json\/wp\/v2\/categories?post=3940"},{"taxonomy":"post_tag","embeddable":true,"href":"https:\/\/www.bibliotecadeseguranca.com.br\/fr\/wp-json\/wp\/v2\/tags?post=3940"}],"curies":[{"name":"wp","href":"https:\/\/api.w.org\/{rel}","templated":true}]}}