{"id":3382,"date":"2012-10-13T16:46:06","date_gmt":"2012-10-13T19:46:06","guid":{"rendered":"http:\/\/www.bibliotecadeseguranca.com.br\/fr\/?p=3382"},"modified":"2014-02-06T01:57:21","modified_gmt":"2014-02-06T04:57:21","slug":"gestao-da-seguranca-da-informacao","status":"publish","type":"post","link":"https:\/\/www.bibliotecadeseguranca.com.br\/fr\/livros\/gestao-da-seguranca-da-informacao\/","title":{"rendered":"Gest\u00e3o da Seguran\u00e7a da Informa\u00e7\u00e3o"},"content":{"rendered":"<p><strong><img loading=\"lazy\" decoding=\"async\" class=\"alignleft size-full wp-image-3383\" title=\"Gest\u00e3o da Seguran\u00e7a da Informa\u00e7\u00e3o\" alt=\"\" src=\"http:\/\/www.bibliotecadeseguranca.com.br\/fr\/wp-content\/uploads\/2012\/10\/gestao-da-seguranca-da-informacao.jpg\" width=\"130\" height=\"187\" srcset=\"https:\/\/www.bibliotecadeseguranca.com.br\/fr\/wp-content\/uploads\/2012\/10\/gestao-da-seguranca-da-informacao.jpg 130w, https:\/\/www.bibliotecadeseguranca.com.br\/fr\/wp-content\/uploads\/2012\/10\/gestao-da-seguranca-da-informacao-104x150.jpg 104w\" sizes=\"auto, (max-width: 130px) 100vw, 130px\" \/><span style=\"color: #003366;\">Josu\u00e9 das Chagas Menezes<\/span><\/strong><\/p>\n<p><span style=\"color: #003366;\"><strong>Editor J.h. Mizuno<\/strong><\/span><\/p>\n<p><span style=\"color: #003366;\"><strong>Descripci\u00f3n:<\/strong><\/span> Gest\u00e3o da Seguran\u00e7a da Informa\u00e7\u00e3o \u00e9 um trabalho voltado para os profissionais que atuam neste nicho de Mercado. Com linguagem simples e objetiva, apresenta os antecedentes hist\u00f3ricos que deram in\u00edcio \u00e0 era da sociedade baseada na informa\u00e7\u00e3o, a qual trouxe para cena a amea\u00e7a com requinte tecnol\u00f3gico em busca do ativo propulsor da economia: a informa\u00e7\u00e3o. Apresentada de forma did\u00e1tica o caminho percorrido pelo Brasil para sua inclus\u00e3o digital e o arcabou\u00e7o jur\u00eddico que vem se formando para fazer frente a uma nova pr\u00e1tica delituosa que se instalou embalada pela dissemina\u00e7\u00e3o da Internet. Atrav\u00e9s de trabalho bem estruturado de pesquisa cientifica, analisa o dia-a-dia de organiza\u00e7\u00f5es brasileiras e como elas est\u00e3o se preparando para proteger o conhecimento adquirido. O texto \u00e9 rico em dados de pesquisa, permitindo-se projetar a percep\u00e7\u00e3o dos empregados a respeito do tema.Seguran\u00e7a da Informa\u00e7\u00e3o. Finalizando, duas sugest\u00f5es s\u00e3o colocadas voltadas tanto para o mundo acad\u00eamico, como para o mundo corporativo.<\/p>\n","protected":false},"excerpt":{"rendered":"<p>Josu\u00e9 das Chagas Menezes Editor J.h. Mizuno Descripci\u00f3n: Gest\u00e3o da Seguran\u00e7a da Informa\u00e7\u00e3o \u00e9 um trabalho voltado para os profissionais que atuam neste nicho de Mercado. Com linguagem simples e objetiva, apresenta os antecedentes hist\u00f3ricos que deram in\u00edcio \u00e0 era da sociedade baseada na informa\u00e7\u00e3o, a qual trouxe para cena a amea\u00e7a com requinte tecnol\u00f3gico em busca do ativo propulsor da economia: a informa\u00e7\u00e3o. Apresentada de forma did\u00e1tica o caminho&hellip; <\/p>\n","protected":false},"author":3,"featured_media":3383,"comment_status":"open","ping_status":"closed","sticky":false,"template":"","format":"standard","meta":{"footnotes":""},"categories":[6,20],"tags":[],"class_list":["post-3382","post","type-post","status-publish","format-standard","has-post-thumbnail","hentry","category-livros","category-seguranca-da-informacao"],"views":440,"_links":{"self":[{"href":"https:\/\/www.bibliotecadeseguranca.com.br\/fr\/wp-json\/wp\/v2\/posts\/3382","targetHints":{"allow":["GET"]}}],"collection":[{"href":"https:\/\/www.bibliotecadeseguranca.com.br\/fr\/wp-json\/wp\/v2\/posts"}],"about":[{"href":"https:\/\/www.bibliotecadeseguranca.com.br\/fr\/wp-json\/wp\/v2\/types\/post"}],"author":[{"embeddable":true,"href":"https:\/\/www.bibliotecadeseguranca.com.br\/fr\/wp-json\/wp\/v2\/users\/3"}],"replies":[{"embeddable":true,"href":"https:\/\/www.bibliotecadeseguranca.com.br\/fr\/wp-json\/wp\/v2\/comments?post=3382"}],"version-history":[{"count":9,"href":"https:\/\/www.bibliotecadeseguranca.com.br\/fr\/wp-json\/wp\/v2\/posts\/3382\/revisions"}],"predecessor-version":[{"id":9445,"href":"https:\/\/www.bibliotecadeseguranca.com.br\/fr\/wp-json\/wp\/v2\/posts\/3382\/revisions\/9445"}],"wp:featuredmedia":[{"embeddable":true,"href":"https:\/\/www.bibliotecadeseguranca.com.br\/fr\/wp-json\/wp\/v2\/media\/3383"}],"wp:attachment":[{"href":"https:\/\/www.bibliotecadeseguranca.com.br\/fr\/wp-json\/wp\/v2\/media?parent=3382"}],"wp:term":[{"taxonomy":"category","embeddable":true,"href":"https:\/\/www.bibliotecadeseguranca.com.br\/fr\/wp-json\/wp\/v2\/categories?post=3382"},{"taxonomy":"post_tag","embeddable":true,"href":"https:\/\/www.bibliotecadeseguranca.com.br\/fr\/wp-json\/wp\/v2\/tags?post=3382"}],"curies":[{"name":"wp","href":"https:\/\/api.w.org\/{rel}","templated":true}]}}