{"id":3377,"date":"2012-10-12T00:11:27","date_gmt":"2012-10-12T03:11:27","guid":{"rendered":"http:\/\/www.bibliotecadeseguranca.com.br\/fr\/?p=3377"},"modified":"2014-02-06T01:57:24","modified_gmt":"2014-02-06T04:57:24","slug":"crime-organizado-e-repressao-policial-no-estado-do-rio-de-janeiro-uma-visao-critica","status":"publish","type":"post","link":"https:\/\/www.bibliotecadeseguranca.com.br\/fr\/livros\/crime-organizado-e-repressao-policial-no-estado-do-rio-de-janeiro-uma-visao-critica\/","title":{"rendered":"Crime Organizado e Repress\u00e3o Policial no Estado do Rio de Janeiro &#8211; Uma Vis\u00e3o Cr\u00edtica"},"content":{"rendered":"<p><strong><img loading=\"lazy\" decoding=\"async\" class=\"alignleft size-full wp-image-3378\" title=\"Crime Organizado e Repress\u00e3o Policial no Estado do Rio de Janeiro - Uma Vis\u00e3o Cr\u00edtica\" alt=\"\" src=\"http:\/\/www.bibliotecadeseguranca.com.br\/fr\/wp-content\/uploads\/2012\/10\/crime-organizado-e-repressao-policial-no-estado-do-rio-de-janeiro.jpg\" width=\"130\" height=\"187\" srcset=\"https:\/\/www.bibliotecadeseguranca.com.br\/fr\/wp-content\/uploads\/2012\/10\/crime-organizado-e-repressao-policial-no-estado-do-rio-de-janeiro.jpg 130w, https:\/\/www.bibliotecadeseguranca.com.br\/fr\/wp-content\/uploads\/2012\/10\/crime-organizado-e-repressao-policial-no-estado-do-rio-de-janeiro-104x150.jpg 104w\" sizes=\"auto, (max-width: 130px) 100vw, 130px\" \/><span style=\"color: #003366;\">Fernando Alves Martins Villas B\u00f4as Filho<\/span><\/strong><\/p>\n<p><span style=\"color: #003366;\"><strong>Editor Lumen Juris<\/strong><\/span><\/p>\n<p><span style=\"color: #003366;\"><strong>Descripci\u00f3n:<\/strong><\/span> A percep\u00e7\u00e3o do fen\u00f4meno seguran\u00e7a p\u00fablica pela sociedade encontra-se distorcida pelas leis penais de emerg\u00eancia e o sensacionalismo exacerbado do discurso midi\u00e1tico. Na atual conjuntura brasileira, em que o conhecimento e o debate dos problemas associados ao controle social penal, \u00e0 viol\u00eancia urbana, \u00e0s drogas, \u00e0s viola\u00e7\u00f5es dos direitos humanos, \u00e0 institui\u00e7\u00e3o policial e \u00e0 quest\u00e3o penitenci\u00e1ria integram a agenda pol\u00edtica dos partidos e alimentam cotidianamente os meios de comunica\u00e7\u00e3o; faz-se necess\u00e1rio o permanente olhar da criminologia cr\u00edtica para que n\u00e3o ressuscitemos tristes lembran\u00e7as de nossa Hist\u00f3ria. O prop\u00f3sito desta breve an\u00e1lise \u00e9 entender o fen\u00f4meno da criminalidade de massa, de certa forma previs\u00edvel nas sociedades industrializadas, e caracterizar a sua influ\u00eancia no sistema criminal, em especial, nas for\u00e7as policiais de nosso Estado. Ao \u201cdesconstruir\u201d o discurso oficial sobre o crime organizado, tendo como par\u00e2metro a teoria criminol\u00f3gica da rotula\u00e7\u00e3o e pautando a an\u00e1lise sobre crit\u00e9rios acad\u00eamicos, estaremos contribuindo para mudan\u00e7as de paradigmas e valores imprescind\u00edveis ao nosso conv\u00edvio social.<\/p>\n","protected":false},"excerpt":{"rendered":"<p>Fernando Alves Martins Villas B\u00f4as Filho Editor Lumen Juris Descripci\u00f3n: A percep\u00e7\u00e3o do fen\u00f4meno seguran\u00e7a p\u00fablica pela sociedade encontra-se distorcida pelas leis penais de emerg\u00eancia e o sensacionalismo exacerbado do discurso midi\u00e1tico. Na atual conjuntura brasileira, em que o conhecimento e o debate dos problemas associados ao controle social penal, \u00e0 viol\u00eancia urbana, \u00e0s drogas, \u00e0s viola\u00e7\u00f5es dos direitos humanos, \u00e0 institui\u00e7\u00e3o policial e \u00e0 quest\u00e3o penitenci\u00e1ria integram a agenda&hellip; <\/p>\n","protected":false},"author":3,"featured_media":3378,"comment_status":"open","ping_status":"closed","sticky":false,"template":"","format":"standard","meta":{"footnotes":""},"categories":[10,6],"tags":[],"class_list":["post-3377","post","type-post","status-publish","format-standard","has-post-thumbnail","hentry","category-crime-violencia-e-criminologia","category-livros"],"views":357,"_links":{"self":[{"href":"https:\/\/www.bibliotecadeseguranca.com.br\/fr\/wp-json\/wp\/v2\/posts\/3377","targetHints":{"allow":["GET"]}}],"collection":[{"href":"https:\/\/www.bibliotecadeseguranca.com.br\/fr\/wp-json\/wp\/v2\/posts"}],"about":[{"href":"https:\/\/www.bibliotecadeseguranca.com.br\/fr\/wp-json\/wp\/v2\/types\/post"}],"author":[{"embeddable":true,"href":"https:\/\/www.bibliotecadeseguranca.com.br\/fr\/wp-json\/wp\/v2\/users\/3"}],"replies":[{"embeddable":true,"href":"https:\/\/www.bibliotecadeseguranca.com.br\/fr\/wp-json\/wp\/v2\/comments?post=3377"}],"version-history":[{"count":10,"href":"https:\/\/www.bibliotecadeseguranca.com.br\/fr\/wp-json\/wp\/v2\/posts\/3377\/revisions"}],"predecessor-version":[{"id":9444,"href":"https:\/\/www.bibliotecadeseguranca.com.br\/fr\/wp-json\/wp\/v2\/posts\/3377\/revisions\/9444"}],"wp:featuredmedia":[{"embeddable":true,"href":"https:\/\/www.bibliotecadeseguranca.com.br\/fr\/wp-json\/wp\/v2\/media\/3378"}],"wp:attachment":[{"href":"https:\/\/www.bibliotecadeseguranca.com.br\/fr\/wp-json\/wp\/v2\/media?parent=3377"}],"wp:term":[{"taxonomy":"category","embeddable":true,"href":"https:\/\/www.bibliotecadeseguranca.com.br\/fr\/wp-json\/wp\/v2\/categories?post=3377"},{"taxonomy":"post_tag","embeddable":true,"href":"https:\/\/www.bibliotecadeseguranca.com.br\/fr\/wp-json\/wp\/v2\/tags?post=3377"}],"curies":[{"name":"wp","href":"https:\/\/api.w.org\/{rel}","templated":true}]}}