{"id":3350,"date":"2012-10-09T20:10:07","date_gmt":"2012-10-09T23:10:07","guid":{"rendered":"http:\/\/www.bibliotecadeseguranca.com.br\/fr\/?p=3350"},"modified":"2014-02-06T01:57:44","modified_gmt":"2014-02-06T04:57:44","slug":"gestao-de-riscos-e-prevencao-de-perdas-um-novo-paradigma-para-a-seguranca-nas-organizacoes","status":"publish","type":"post","link":"https:\/\/www.bibliotecadeseguranca.com.br\/fr\/livros\/gestao-de-riscos-e-prevencao-de-perdas-um-novo-paradigma-para-a-seguranca-nas-organizacoes\/","title":{"rendered":"Gest\u00e3o de Riscos e Preven\u00e7\u00e3o de Perdas: Um Novo Paradigma para a Seguran\u00e7a nas Organiza\u00e7\u00f5es"},"content":{"rendered":"<p><img loading=\"lazy\" decoding=\"async\" class=\"alignleft size-full wp-image-3351\" title=\"Gest\u00e3o de Riscos e Preven\u00e7\u00e3o de Perdas: Um Novo Paradigma para a Seguran\u00e7a nas Organiza\u00e7\u00f5es\" alt=\"\" src=\"http:\/\/www.bibliotecadeseguranca.com.br\/fr\/wp-content\/uploads\/2012\/10\/Gestao-de-Riscos-e-Prevencao-de-Perdas-Um-novo-paradigma-para-a-seguranca-nas-organizacoes.jpg\" width=\"130\" height=\"187\" \/><span style=\"color: #003366;\"><strong>Jos\u00e9 Luiz Cardoso Zamith<\/strong><\/span><\/p>\n<p><span style=\"color: #003366;\"><strong>Editor FGV<\/strong><\/span><\/p>\n<p><span style=\"color: #003366;\"><strong>Descripci\u00f3n:<\/strong><\/span> Este trabalho procurou se lan\u00e7ar dentro das preocupa\u00e7\u00f5es que tanto afligem o setor da seguran\u00e7a e levantar o seguinte problema: Como as organiza\u00e7\u00f5es entendem a atividade de seguran\u00e7a e como a ado\u00e7\u00e3o da gest\u00e3o de riscos e preven\u00e7\u00e3o de perdas em substitui\u00e7\u00e3o a seguran\u00e7a pode contribuir para estas institui\u00e7\u00f5es?<\/p>\n","protected":false},"excerpt":{"rendered":"<p>Jos\u00e9 Luiz Cardoso Zamith Editor FGV Descripci\u00f3n: Este trabalho procurou se lan\u00e7ar dentro das preocupa\u00e7\u00f5es que tanto afligem o setor da seguran\u00e7a e levantar o seguinte problema: Como as organiza\u00e7\u00f5es entendem a atividade de seguran\u00e7a e como a ado\u00e7\u00e3o da gest\u00e3o de riscos e preven\u00e7\u00e3o de perdas em substitui\u00e7\u00e3o a seguran\u00e7a pode contribuir para estas institui\u00e7\u00f5es?<\/p>\n","protected":false},"author":3,"featured_media":3351,"comment_status":"open","ping_status":"closed","sticky":false,"template":"","format":"standard","meta":{"footnotes":""},"categories":[6,19],"tags":[],"class_list":["post-3350","post","type-post","status-publish","format-standard","has-post-thumbnail","hentry","category-livros","category-risco-e-perdas"],"views":410,"_links":{"self":[{"href":"https:\/\/www.bibliotecadeseguranca.com.br\/fr\/wp-json\/wp\/v2\/posts\/3350","targetHints":{"allow":["GET"]}}],"collection":[{"href":"https:\/\/www.bibliotecadeseguranca.com.br\/fr\/wp-json\/wp\/v2\/posts"}],"about":[{"href":"https:\/\/www.bibliotecadeseguranca.com.br\/fr\/wp-json\/wp\/v2\/types\/post"}],"author":[{"embeddable":true,"href":"https:\/\/www.bibliotecadeseguranca.com.br\/fr\/wp-json\/wp\/v2\/users\/3"}],"replies":[{"embeddable":true,"href":"https:\/\/www.bibliotecadeseguranca.com.br\/fr\/wp-json\/wp\/v2\/comments?post=3350"}],"version-history":[{"count":17,"href":"https:\/\/www.bibliotecadeseguranca.com.br\/fr\/wp-json\/wp\/v2\/posts\/3350\/revisions"}],"predecessor-version":[{"id":9426,"href":"https:\/\/www.bibliotecadeseguranca.com.br\/fr\/wp-json\/wp\/v2\/posts\/3350\/revisions\/9426"}],"wp:featuredmedia":[{"embeddable":true,"href":"https:\/\/www.bibliotecadeseguranca.com.br\/fr\/wp-json\/wp\/v2\/media\/3351"}],"wp:attachment":[{"href":"https:\/\/www.bibliotecadeseguranca.com.br\/fr\/wp-json\/wp\/v2\/media?parent=3350"}],"wp:term":[{"taxonomy":"category","embeddable":true,"href":"https:\/\/www.bibliotecadeseguranca.com.br\/fr\/wp-json\/wp\/v2\/categories?post=3350"},{"taxonomy":"post_tag","embeddable":true,"href":"https:\/\/www.bibliotecadeseguranca.com.br\/fr\/wp-json\/wp\/v2\/tags?post=3350"}],"curies":[{"name":"wp","href":"https:\/\/api.w.org\/{rel}","templated":true}]}}