{"id":3336,"date":"2012-10-08T23:04:10","date_gmt":"2012-10-09T02:04:10","guid":{"rendered":"http:\/\/www.bibliotecadeseguranca.com.br\/fr\/?p=3336"},"modified":"2014-02-06T01:57:57","modified_gmt":"2014-02-06T04:57:57","slug":"em-geografia-do-crime","status":"publish","type":"post","link":"https:\/\/www.bibliotecadeseguranca.com.br\/fr\/livros\/em-geografia-do-crime\/","title":{"rendered":"Em Geografia do Crime"},"content":{"rendered":"<p><strong><img loading=\"lazy\" decoding=\"async\" class=\"alignleft size-full wp-image-3337\" title=\"Em Geografia do crime\" alt=\"\" src=\"http:\/\/www.bibliotecadeseguranca.com.br\/fr\/wp-content\/uploads\/2012\/10\/em-geografia-do-crime.jpg\" width=\"130\" height=\"187\" srcset=\"https:\/\/www.bibliotecadeseguranca.com.br\/fr\/wp-content\/uploads\/2012\/10\/em-geografia-do-crime.jpg 130w, https:\/\/www.bibliotecadeseguranca.com.br\/fr\/wp-content\/uploads\/2012\/10\/em-geografia-do-crime-104x150.jpg 104w\" sizes=\"auto, (max-width: 130px) 100vw, 130px\" \/><span style=\"color: #003366;\">Carla Anastasia<\/span><\/strong><\/p>\n<p><span style=\"color: #003366;\"><strong>Editor UFMG<\/strong><\/span><\/p>\n<p><span style=\"color: #003366;\"><strong>Descripci\u00f3n:<\/strong><\/span> Busca, atrav\u00e9s de quatro estudos distintos, relacionar a \u201cinefici\u00eancia da pol\u00edtica institucional \u00e0 freq\u00fcente ocorr\u00eancia da viol\u00eancia nas Minas Setecentistas\u201d. Al\u00e9m de promover o resgate hist\u00f3rico do tema, a pesquisadora lan\u00e7a m\u00e3o de preceitos conceituais das Ci\u00eancias Pol\u00edticas para tratar de quest\u00f5es como a constru\u00e7\u00e3o dos espa\u00e7os de viol\u00eancia, A terra de ningu\u00e9m, refer\u00eancia aos sert\u00f5es da comarca do Rio das Mortes e do S\u00e3o Francisco, Rapina, contrabando e Vendetta e Joaquim Manoel de Seixas Abranches \u2013 um ouvidor bem pouco ortodoxo.<\/p>\n","protected":false},"excerpt":{"rendered":"<p>Carla Anastasia Editor UFMG Descripci\u00f3n: Busca, atrav\u00e9s de quatro estudos distintos, relacionar a \u201cinefici\u00eancia da pol\u00edtica institucional \u00e0 freq\u00fcente ocorr\u00eancia da viol\u00eancia nas Minas Setecentistas\u201d. Al\u00e9m de promover o resgate hist\u00f3rico do tema, a pesquisadora lan\u00e7a m\u00e3o de preceitos conceituais das Ci\u00eancias Pol\u00edticas para tratar de quest\u00f5es como a constru\u00e7\u00e3o dos espa\u00e7os de viol\u00eancia, A terra de ningu\u00e9m, refer\u00eancia aos sert\u00f5es da comarca do Rio das Mortes e do S\u00e3o&hellip; <\/p>\n","protected":false},"author":3,"featured_media":3337,"comment_status":"open","ping_status":"closed","sticky":false,"template":"","format":"standard","meta":{"footnotes":""},"categories":[10,6],"tags":[],"class_list":["post-3336","post","type-post","status-publish","format-standard","has-post-thumbnail","hentry","category-crime-violencia-e-criminologia","category-livros"],"views":263,"_links":{"self":[{"href":"https:\/\/www.bibliotecadeseguranca.com.br\/fr\/wp-json\/wp\/v2\/posts\/3336","targetHints":{"allow":["GET"]}}],"collection":[{"href":"https:\/\/www.bibliotecadeseguranca.com.br\/fr\/wp-json\/wp\/v2\/posts"}],"about":[{"href":"https:\/\/www.bibliotecadeseguranca.com.br\/fr\/wp-json\/wp\/v2\/types\/post"}],"author":[{"embeddable":true,"href":"https:\/\/www.bibliotecadeseguranca.com.br\/fr\/wp-json\/wp\/v2\/users\/3"}],"replies":[{"embeddable":true,"href":"https:\/\/www.bibliotecadeseguranca.com.br\/fr\/wp-json\/wp\/v2\/comments?post=3336"}],"version-history":[{"count":10,"href":"https:\/\/www.bibliotecadeseguranca.com.br\/fr\/wp-json\/wp\/v2\/posts\/3336\/revisions"}],"predecessor-version":[{"id":9429,"href":"https:\/\/www.bibliotecadeseguranca.com.br\/fr\/wp-json\/wp\/v2\/posts\/3336\/revisions\/9429"}],"wp:featuredmedia":[{"embeddable":true,"href":"https:\/\/www.bibliotecadeseguranca.com.br\/fr\/wp-json\/wp\/v2\/media\/3337"}],"wp:attachment":[{"href":"https:\/\/www.bibliotecadeseguranca.com.br\/fr\/wp-json\/wp\/v2\/media?parent=3336"}],"wp:term":[{"taxonomy":"category","embeddable":true,"href":"https:\/\/www.bibliotecadeseguranca.com.br\/fr\/wp-json\/wp\/v2\/categories?post=3336"},{"taxonomy":"post_tag","embeddable":true,"href":"https:\/\/www.bibliotecadeseguranca.com.br\/fr\/wp-json\/wp\/v2\/tags?post=3336"}],"curies":[{"name":"wp","href":"https:\/\/api.w.org\/{rel}","templated":true}]}}