{"id":3325,"date":"2012-10-08T22:47:48","date_gmt":"2012-10-09T01:47:48","guid":{"rendered":"http:\/\/www.bibliotecadeseguranca.com.br\/fr\/?p=3325"},"modified":"2014-02-06T01:58:06","modified_gmt":"2014-02-06T04:58:06","slug":"da-guerra","status":"publish","type":"post","link":"https:\/\/www.bibliotecadeseguranca.com.br\/fr\/livros\/da-guerra\/","title":{"rendered":"Da Guerra"},"content":{"rendered":"<p><strong><img loading=\"lazy\" decoding=\"async\" class=\"alignleft size-full wp-image-3326\" title=\"Da Guerra\" alt=\"\" src=\"http:\/\/www.bibliotecadeseguranca.com.br\/fr\/wp-content\/uploads\/2012\/10\/da-guerra.jpg\" width=\"130\" height=\"187\" srcset=\"https:\/\/www.bibliotecadeseguranca.com.br\/fr\/wp-content\/uploads\/2012\/10\/da-guerra.jpg 130w, https:\/\/www.bibliotecadeseguranca.com.br\/fr\/wp-content\/uploads\/2012\/10\/da-guerra-104x150.jpg 104w\" sizes=\"auto, (max-width: 130px) 100vw, 130px\" \/><span style=\"color: #003366;\">Carl Von Clausewitz<\/span><\/strong><\/p>\n<p><span style=\"color: #003366;\"><strong>Editor Martins Fontes<\/strong><\/span><\/p>\n<p><span style=\"color: #003366;\"><strong>Descripci\u00f3n:<\/strong><\/span> Neste livro o general prussiano Carl von Clausewitz apresenta seu tratado de arte militar publicado em 1832-1837, ap\u00f3s sua morte.<br \/>\nClausewitz se mostra um fervoroso defensor da concep\u00e7\u00e3o que colocava os valores morais bem acima das for\u00e7as materiais. Para ele, os meios materiais t\u00eam sua import\u00e2ncia durante um conflito armado, mas n\u00e3o s\u00e3o decisivos porque a guerra n\u00e3o pode ser considerada como um epis\u00f3dio isolado na hist\u00f3ria, uma vez que ela est\u00e1 estreitamente ligada \u00e0 consci\u00eancia do povo.<\/p>\n","protected":false},"excerpt":{"rendered":"<p>Carl Von Clausewitz Editor Martins Fontes Descripci\u00f3n: Neste livro o general prussiano Carl von Clausewitz apresenta seu tratado de arte militar publicado em 1832-1837, ap\u00f3s sua morte. Clausewitz se mostra um fervoroso defensor da concep\u00e7\u00e3o que colocava os valores morais bem acima das for\u00e7as materiais. Para ele, os meios materiais t\u00eam sua import\u00e2ncia durante um conflito armado, mas n\u00e3o s\u00e3o decisivos porque a guerra n\u00e3o pode ser considerada como um&hellip; <\/p>\n","protected":false},"author":3,"featured_media":3326,"comment_status":"open","ping_status":"closed","sticky":false,"template":"","format":"standard","meta":{"footnotes":""},"categories":[6,25],"tags":[],"class_list":["post-3325","post","type-post","status-publish","format-standard","has-post-thumbnail","hentry","category-livros","category-seguranca-publica-e-defesa"],"views":397,"_links":{"self":[{"href":"https:\/\/www.bibliotecadeseguranca.com.br\/fr\/wp-json\/wp\/v2\/posts\/3325","targetHints":{"allow":["GET"]}}],"collection":[{"href":"https:\/\/www.bibliotecadeseguranca.com.br\/fr\/wp-json\/wp\/v2\/posts"}],"about":[{"href":"https:\/\/www.bibliotecadeseguranca.com.br\/fr\/wp-json\/wp\/v2\/types\/post"}],"author":[{"embeddable":true,"href":"https:\/\/www.bibliotecadeseguranca.com.br\/fr\/wp-json\/wp\/v2\/users\/3"}],"replies":[{"embeddable":true,"href":"https:\/\/www.bibliotecadeseguranca.com.br\/fr\/wp-json\/wp\/v2\/comments?post=3325"}],"version-history":[{"count":13,"href":"https:\/\/www.bibliotecadeseguranca.com.br\/fr\/wp-json\/wp\/v2\/posts\/3325\/revisions"}],"predecessor-version":[{"id":9431,"href":"https:\/\/www.bibliotecadeseguranca.com.br\/fr\/wp-json\/wp\/v2\/posts\/3325\/revisions\/9431"}],"wp:featuredmedia":[{"embeddable":true,"href":"https:\/\/www.bibliotecadeseguranca.com.br\/fr\/wp-json\/wp\/v2\/media\/3326"}],"wp:attachment":[{"href":"https:\/\/www.bibliotecadeseguranca.com.br\/fr\/wp-json\/wp\/v2\/media?parent=3325"}],"wp:term":[{"taxonomy":"category","embeddable":true,"href":"https:\/\/www.bibliotecadeseguranca.com.br\/fr\/wp-json\/wp\/v2\/categories?post=3325"},{"taxonomy":"post_tag","embeddable":true,"href":"https:\/\/www.bibliotecadeseguranca.com.br\/fr\/wp-json\/wp\/v2\/tags?post=3325"}],"curies":[{"name":"wp","href":"https:\/\/api.w.org\/{rel}","templated":true}]}}