{"id":3217,"date":"2012-10-01T20:54:53","date_gmt":"2012-10-01T20:54:53","guid":{"rendered":"http:\/\/www.bibliotecadeseguranca.com.br\/fr\/?p=3217"},"modified":"2014-02-06T02:01:54","modified_gmt":"2014-02-06T05:01:54","slug":"edificios-de-alta-tecnologia","status":"publish","type":"post","link":"https:\/\/www.bibliotecadeseguranca.com.br\/fr\/livros\/edificios-de-alta-tecnologia\/","title":{"rendered":"Edif\u00edcios de Alta Tecnologia"},"content":{"rendered":"<p><strong><img loading=\"lazy\" decoding=\"async\" class=\"alignleft size-full wp-image-3218\" title=\"Edificios de Alta Tecnologia\" alt=\"\" src=\"http:\/\/www.bibliotecadeseguranca.com.br\/fr\/wp-content\/uploads\/2012\/10\/edificios-de-alta-tecnologia.jpg\" width=\"130\" height=\"203\" srcset=\"https:\/\/www.bibliotecadeseguranca.com.br\/fr\/wp-content\/uploads\/2012\/10\/edificios-de-alta-tecnologia.jpg 130w, https:\/\/www.bibliotecadeseguranca.com.br\/fr\/wp-content\/uploads\/2012\/10\/edificios-de-alta-tecnologia-96x150.jpg 96w\" sizes=\"auto, (max-width: 130px) 100vw, 130px\" \/>Jayme Sp\u00ednola Castro Neto<\/strong><\/p>\n<p><strong>Editor Carthago &amp; Forte<\/strong><\/p>\n<p><strong>Descripci\u00f3n:<\/strong> Um edif\u00edcio n\u00e3o \u00e9 considerado inteligente pelo fato de abrigar muita tecnologia avan\u00e7ada, mas sim porque foi desenhado para s\u00ea-lo, desde sua fase inicial de projeto. Com essa vis\u00e3o, o arquiteto Jayme Sp\u00ednola Castro Neto (foto) disserta e questiona a forma de projetar e construir edif\u00edcios inteligentes. Segundo o autor, h\u00e1 que se considerar no projeto dos edif\u00edcios inteligentes uma abordagem integrada, de modo que todos os profissionais envolvidos atuem desde o inicio dos trabalhos, ponderando todos os itens. Em cinco cap\u00edtulos bem estruturados, \u201cEdif\u00edcios de Alta Tecnologia\u201d prop\u00f5e uma nova forma de projetar e construir.<\/p>\n","protected":false},"excerpt":{"rendered":"<p>Jayme Sp\u00ednola Castro Neto Editor Carthago &amp; Forte Descripci\u00f3n: Um edif\u00edcio n\u00e3o \u00e9 considerado inteligente pelo fato de abrigar muita tecnologia avan\u00e7ada, mas sim porque foi desenhado para s\u00ea-lo, desde sua fase inicial de projeto. Com essa vis\u00e3o, o arquiteto Jayme Sp\u00ednola Castro Neto (foto) disserta e questiona a forma de projetar e construir edif\u00edcios inteligentes. Segundo o autor, h\u00e1 que se considerar no projeto dos edif\u00edcios inteligentes uma abordagem&hellip; <\/p>\n","protected":false},"author":3,"featured_media":3218,"comment_status":"open","ping_status":"closed","sticky":false,"template":"","format":"standard","meta":{"footnotes":""},"categories":[23,6],"tags":[],"class_list":["post-3217","post","type-post","status-publish","format-standard","has-post-thumbnail","hentry","category-gestao-da-seguranca-empresarial","category-livros"],"views":244,"_links":{"self":[{"href":"https:\/\/www.bibliotecadeseguranca.com.br\/fr\/wp-json\/wp\/v2\/posts\/3217","targetHints":{"allow":["GET"]}}],"collection":[{"href":"https:\/\/www.bibliotecadeseguranca.com.br\/fr\/wp-json\/wp\/v2\/posts"}],"about":[{"href":"https:\/\/www.bibliotecadeseguranca.com.br\/fr\/wp-json\/wp\/v2\/types\/post"}],"author":[{"embeddable":true,"href":"https:\/\/www.bibliotecadeseguranca.com.br\/fr\/wp-json\/wp\/v2\/users\/3"}],"replies":[{"embeddable":true,"href":"https:\/\/www.bibliotecadeseguranca.com.br\/fr\/wp-json\/wp\/v2\/comments?post=3217"}],"version-history":[{"count":12,"href":"https:\/\/www.bibliotecadeseguranca.com.br\/fr\/wp-json\/wp\/v2\/posts\/3217\/revisions"}],"predecessor-version":[{"id":10362,"href":"https:\/\/www.bibliotecadeseguranca.com.br\/fr\/wp-json\/wp\/v2\/posts\/3217\/revisions\/10362"}],"wp:featuredmedia":[{"embeddable":true,"href":"https:\/\/www.bibliotecadeseguranca.com.br\/fr\/wp-json\/wp\/v2\/media\/3218"}],"wp:attachment":[{"href":"https:\/\/www.bibliotecadeseguranca.com.br\/fr\/wp-json\/wp\/v2\/media?parent=3217"}],"wp:term":[{"taxonomy":"category","embeddable":true,"href":"https:\/\/www.bibliotecadeseguranca.com.br\/fr\/wp-json\/wp\/v2\/categories?post=3217"},{"taxonomy":"post_tag","embeddable":true,"href":"https:\/\/www.bibliotecadeseguranca.com.br\/fr\/wp-json\/wp\/v2\/tags?post=3217"}],"curies":[{"name":"wp","href":"https:\/\/api.w.org\/{rel}","templated":true}]}}