{"id":3202,"date":"2012-09-30T22:41:05","date_gmt":"2012-10-01T01:41:05","guid":{"rendered":"http:\/\/www.bibliotecadeseguranca.com.br\/fr\/?p=3202"},"modified":"2014-02-06T02:01:55","modified_gmt":"2014-02-06T05:01:55","slug":"gestao-do-conhecimento-o-grande-desafio-empresarial","status":"publish","type":"post","link":"https:\/\/www.bibliotecadeseguranca.com.br\/fr\/livros\/gestao-do-conhecimento-o-grande-desafio-empresarial\/","title":{"rendered":"Gest\u00e3o do Conhecimento &#8211; O Grande Desafio Empresarial"},"content":{"rendered":"<p><strong><img loading=\"lazy\" decoding=\"async\" class=\"alignleft size-full wp-image-3285\" title=\"Gest\u00e3o do Conhecimento - O Grande Desafio Empresarial\" alt=\"\" src=\"http:\/\/www.bibliotecadeseguranca.com.br\/fr\/wp-content\/uploads\/2012\/09\/gestao-do-conhecimento-o-grande-desafio-empresarial.jpg\" width=\"150\" height=\"216\" srcset=\"https:\/\/www.bibliotecadeseguranca.com.br\/fr\/wp-content\/uploads\/2012\/09\/gestao-do-conhecimento-o-grande-desafio-empresarial.jpg 150w, https:\/\/www.bibliotecadeseguranca.com.br\/fr\/wp-content\/uploads\/2012\/09\/gestao-do-conhecimento-o-grande-desafio-empresarial-104x150.jpg 104w\" sizes=\"auto, (max-width: 150px) 100vw, 150px\" \/><span style=\"color: #003366;\">Jos\u00e9 Cl\u00e1udio Cyrineu Terra<\/span><\/strong><\/p>\n<p><span style=\"color: #003366;\"><strong>Editor Elsever<\/strong><\/span><\/p>\n<p><span style=\"color: #003366;\"><strong>Descripci\u00f3n:<\/strong><\/span> O livro edi\u00e7\u00e3o revista e atualizada do livro Gest\u00e3o do Conhecimento, com uma discuss\u00e3o mais aprofundada do modelo das sete dimens\u00f5es da Gest\u00e3o do Conhecimento e amplia\u00e7\u00e3o do conte\u00fado, com novas an\u00e1lises e atualiza\u00e7\u00e3o de indicadores, novos casos, conceitos e ferramentas. Vivemos na chamada \u201cera do conhecimento\u201d e somente aqueles que conseguirem se adaptar a tempo poder\u00e3o prosperar nesses novos tempos e sobreviver \u00e0s adversidades e concorr\u00eancia crescente. \u00c9 necess\u00e1rio, portanto, ser mais criativo, participativo, envolvido e determinante de seu futuro. Apesar de isso ser de conhecimento comum, a implementa\u00e7\u00e3o desses conceitos \u00e9 bastante dif\u00edcil. Este livro discute casos pr\u00e1ticos e mostra caminhos e formas inovadoras e criativas de organiza\u00e7\u00e3o que permitem um f\u00f4lego novo \u00e0s empresas e d\u00e3o base para o crescimento sustentado.<\/p>\n","protected":false},"excerpt":{"rendered":"<p>Jos\u00e9 Cl\u00e1udio Cyrineu Terra Editor Elsever Descripci\u00f3n: O livro edi\u00e7\u00e3o revista e atualizada do livro Gest\u00e3o do Conhecimento, com uma discuss\u00e3o mais aprofundada do modelo das sete dimens\u00f5es da Gest\u00e3o do Conhecimento e amplia\u00e7\u00e3o do conte\u00fado, com novas an\u00e1lises e atualiza\u00e7\u00e3o de indicadores, novos casos, conceitos e ferramentas. Vivemos na chamada \u201cera do conhecimento\u201d e somente aqueles que conseguirem se adaptar a tempo poder\u00e3o prosperar nesses novos tempos e sobreviver&hellip; <\/p>\n","protected":false},"author":3,"featured_media":3285,"comment_status":"open","ping_status":"closed","sticky":false,"template":"","format":"standard","meta":{"footnotes":""},"categories":[14,30,6],"tags":[],"class_list":["post-3202","post","type-post","status-publish","format-standard","has-post-thumbnail","hentry","category-administracao-e-estrategia-empresarial","category-espionagem-e-inteligencia-competitiva","category-livros"],"views":398,"_links":{"self":[{"href":"https:\/\/www.bibliotecadeseguranca.com.br\/fr\/wp-json\/wp\/v2\/posts\/3202","targetHints":{"allow":["GET"]}}],"collection":[{"href":"https:\/\/www.bibliotecadeseguranca.com.br\/fr\/wp-json\/wp\/v2\/posts"}],"about":[{"href":"https:\/\/www.bibliotecadeseguranca.com.br\/fr\/wp-json\/wp\/v2\/types\/post"}],"author":[{"embeddable":true,"href":"https:\/\/www.bibliotecadeseguranca.com.br\/fr\/wp-json\/wp\/v2\/users\/3"}],"replies":[{"embeddable":true,"href":"https:\/\/www.bibliotecadeseguranca.com.br\/fr\/wp-json\/wp\/v2\/comments?post=3202"}],"version-history":[{"count":12,"href":"https:\/\/www.bibliotecadeseguranca.com.br\/fr\/wp-json\/wp\/v2\/posts\/3202\/revisions"}],"predecessor-version":[{"id":9421,"href":"https:\/\/www.bibliotecadeseguranca.com.br\/fr\/wp-json\/wp\/v2\/posts\/3202\/revisions\/9421"}],"wp:featuredmedia":[{"embeddable":true,"href":"https:\/\/www.bibliotecadeseguranca.com.br\/fr\/wp-json\/wp\/v2\/media\/3285"}],"wp:attachment":[{"href":"https:\/\/www.bibliotecadeseguranca.com.br\/fr\/wp-json\/wp\/v2\/media?parent=3202"}],"wp:term":[{"taxonomy":"category","embeddable":true,"href":"https:\/\/www.bibliotecadeseguranca.com.br\/fr\/wp-json\/wp\/v2\/categories?post=3202"},{"taxonomy":"post_tag","embeddable":true,"href":"https:\/\/www.bibliotecadeseguranca.com.br\/fr\/wp-json\/wp\/v2\/tags?post=3202"}],"curies":[{"name":"wp","href":"https:\/\/api.w.org\/{rel}","templated":true}]}}