{"id":3166,"date":"2012-09-29T20:24:48","date_gmt":"2012-09-29T23:24:48","guid":{"rendered":"http:\/\/www.bibliotecadeseguranca.com.br\/fr\/?p=3166"},"modified":"2014-02-06T02:02:16","modified_gmt":"2014-02-06T05:02:16","slug":"guerra-civil-estado-e-trauma","status":"publish","type":"post","link":"https:\/\/www.bibliotecadeseguranca.com.br\/fr\/livros\/guerra-civil-estado-e-trauma\/","title":{"rendered":"Guerra Civil &#8211; Estado e Trauma"},"content":{"rendered":"<p><strong><img loading=\"lazy\" decoding=\"async\" class=\"alignleft size-full wp-image-3167\" title=\"Guerra Civil - Estado e Trauma\" alt=\"\" src=\"http:\/\/www.bibliotecadeseguranca.com.br\/fr\/wp-content\/uploads\/2012\/09\/guerra-civil-estado-e-trauma.jpg\" width=\"120\" height=\"160\" srcset=\"https:\/\/www.bibliotecadeseguranca.com.br\/fr\/wp-content\/uploads\/2012\/09\/guerra-civil-estado-e-trauma.jpg 120w, https:\/\/www.bibliotecadeseguranca.com.br\/fr\/wp-content\/uploads\/2012\/09\/guerra-civil-estado-e-trauma-112x150.jpg 112w\" sizes=\"auto, (max-width: 120px) 100vw, 120px\" \/><span style=\"color: #003366;\">Lu\u00eds Mir<\/span><\/strong><\/p>\n<p><span style=\"color: #003366;\"><strong>Editor Gera\u00e7\u00e3o<\/strong><\/span><\/p>\n<p><span style=\"color: #003366;\"><strong>Descripci\u00f3n:<\/strong><\/span> &#8220;Guerra Civil &#8211; Estado e Trauma&#8221;, obra monumental, com quase mil p\u00e1ginas, \u00e9 um estudo sobre a guerra civil brasileira e suas v\u00edtimas. N\u00e3o h\u00e1 nenhum trabalho que tenha, a partir das funda\u00e7\u00f5es \u00e9ticas, \u00e9tnicas, sociais e pol\u00edticas do Estado brasileiro desnudado com tanta precis\u00e3o documental, propriedade moral e serenidade investigat\u00f3ria a nossa perene e cruel guerra civil, o extremismo \u00e9tnico, o exterm\u00ednio e a segrega\u00e7\u00e3o programados como ferramentas de domina\u00e7\u00e3o e desenvolvimento.<\/p>\n","protected":false},"excerpt":{"rendered":"<p>Lu\u00eds Mir Editor Gera\u00e7\u00e3o Descripci\u00f3n: &#8220;Guerra Civil &#8211; Estado e Trauma&#8221;, obra monumental, com quase mil p\u00e1ginas, \u00e9 um estudo sobre a guerra civil brasileira e suas v\u00edtimas. N\u00e3o h\u00e1 nenhum trabalho que tenha, a partir das funda\u00e7\u00f5es \u00e9ticas, \u00e9tnicas, sociais e pol\u00edticas do Estado brasileiro desnudado com tanta precis\u00e3o documental, propriedade moral e serenidade investigat\u00f3ria a nossa perene e cruel guerra civil, o extremismo \u00e9tnico, o exterm\u00ednio e a&hellip; <\/p>\n","protected":false},"author":3,"featured_media":3167,"comment_status":"open","ping_status":"closed","sticky":false,"template":"","format":"standard","meta":{"footnotes":""},"categories":[6,25],"tags":[],"class_list":["post-3166","post","type-post","status-publish","format-standard","has-post-thumbnail","hentry","category-livros","category-seguranca-publica-e-defesa"],"views":605,"_links":{"self":[{"href":"https:\/\/www.bibliotecadeseguranca.com.br\/fr\/wp-json\/wp\/v2\/posts\/3166","targetHints":{"allow":["GET"]}}],"collection":[{"href":"https:\/\/www.bibliotecadeseguranca.com.br\/fr\/wp-json\/wp\/v2\/posts"}],"about":[{"href":"https:\/\/www.bibliotecadeseguranca.com.br\/fr\/wp-json\/wp\/v2\/types\/post"}],"author":[{"embeddable":true,"href":"https:\/\/www.bibliotecadeseguranca.com.br\/fr\/wp-json\/wp\/v2\/users\/3"}],"replies":[{"embeddable":true,"href":"https:\/\/www.bibliotecadeseguranca.com.br\/fr\/wp-json\/wp\/v2\/comments?post=3166"}],"version-history":[{"count":9,"href":"https:\/\/www.bibliotecadeseguranca.com.br\/fr\/wp-json\/wp\/v2\/posts\/3166\/revisions"}],"predecessor-version":[{"id":9417,"href":"https:\/\/www.bibliotecadeseguranca.com.br\/fr\/wp-json\/wp\/v2\/posts\/3166\/revisions\/9417"}],"wp:featuredmedia":[{"embeddable":true,"href":"https:\/\/www.bibliotecadeseguranca.com.br\/fr\/wp-json\/wp\/v2\/media\/3167"}],"wp:attachment":[{"href":"https:\/\/www.bibliotecadeseguranca.com.br\/fr\/wp-json\/wp\/v2\/media?parent=3166"}],"wp:term":[{"taxonomy":"category","embeddable":true,"href":"https:\/\/www.bibliotecadeseguranca.com.br\/fr\/wp-json\/wp\/v2\/categories?post=3166"},{"taxonomy":"post_tag","embeddable":true,"href":"https:\/\/www.bibliotecadeseguranca.com.br\/fr\/wp-json\/wp\/v2\/tags?post=3166"}],"curies":[{"name":"wp","href":"https:\/\/api.w.org\/{rel}","templated":true}]}}