{"id":3128,"date":"2012-09-26T22:09:04","date_gmt":"2012-09-27T01:09:04","guid":{"rendered":"http:\/\/www.bibliotecadeseguranca.com.br\/fr\/?p=3128"},"modified":"2014-02-06T02:02:47","modified_gmt":"2014-02-06T05:02:47","slug":"seguranca-publica-e-direitos-individuais","status":"publish","type":"post","link":"https:\/\/www.bibliotecadeseguranca.com.br\/fr\/livros\/seguranca-publica-e-direitos-individuais\/","title":{"rendered":"Seguran\u00e7a P\u00fablica e Direitos Individuais"},"content":{"rendered":"<p><strong><img loading=\"lazy\" decoding=\"async\" class=\"alignleft size-full wp-image-3280\" title=\"Seguran\u00e7a P\u00fablica e Direitos Individuais\" alt=\"\" src=\"http:\/\/www.bibliotecadeseguranca.com.br\/fr\/wp-content\/uploads\/2012\/09\/seguranca-publica-e-direitos-individuais.jpg\" width=\"150\" height=\"228\" srcset=\"https:\/\/www.bibliotecadeseguranca.com.br\/fr\/wp-content\/uploads\/2012\/09\/seguranca-publica-e-direitos-individuais.jpg 150w, https:\/\/www.bibliotecadeseguranca.com.br\/fr\/wp-content\/uploads\/2012\/09\/seguranca-publica-e-direitos-individuais-98x150.jpg 98w\" sizes=\"auto, (max-width: 150px) 100vw, 150px\" \/><span style=\"color: #003366;\">Bismael B. Moraes<\/span><\/strong><\/p>\n<p><span style=\"color: #003366;\"><strong>Editor Oliveira Mendes<\/strong><\/span><\/p>\n<p><span style=\"color: #003366;\"><strong>Descripci\u00f3n:<\/strong><\/span> O objetivo deste trabalho, composto de cinco palestras de pessoas estudiosas e ligadas ao assunto seguran\u00e7a\/pol\u00edcia, \u00e9 analisar a seguran\u00e7a p\u00fablica no Brasil e repensar o papel dos \u00f3rg\u00e3os policiais, visando \u00e0 diminui\u00e7\u00e3o da viol\u00eancia e do crime, para garantir a paz social.<\/p>\n","protected":false},"excerpt":{"rendered":"<p>Bismael B. Moraes Editor Oliveira Mendes Descripci\u00f3n: O objetivo deste trabalho, composto de cinco palestras de pessoas estudiosas e ligadas ao assunto seguran\u00e7a\/pol\u00edcia, \u00e9 analisar a seguran\u00e7a p\u00fablica no Brasil e repensar o papel dos \u00f3rg\u00e3os policiais, visando \u00e0 diminui\u00e7\u00e3o da viol\u00eancia e do crime, para garantir a paz social.<\/p>\n","protected":false},"author":3,"featured_media":3280,"comment_status":"open","ping_status":"closed","sticky":false,"template":"","format":"standard","meta":{"footnotes":""},"categories":[6,25],"tags":[],"class_list":["post-3128","post","type-post","status-publish","format-standard","has-post-thumbnail","hentry","category-livros","category-seguranca-publica-e-defesa"],"views":300,"_links":{"self":[{"href":"https:\/\/www.bibliotecadeseguranca.com.br\/fr\/wp-json\/wp\/v2\/posts\/3128","targetHints":{"allow":["GET"]}}],"collection":[{"href":"https:\/\/www.bibliotecadeseguranca.com.br\/fr\/wp-json\/wp\/v2\/posts"}],"about":[{"href":"https:\/\/www.bibliotecadeseguranca.com.br\/fr\/wp-json\/wp\/v2\/types\/post"}],"author":[{"embeddable":true,"href":"https:\/\/www.bibliotecadeseguranca.com.br\/fr\/wp-json\/wp\/v2\/users\/3"}],"replies":[{"embeddable":true,"href":"https:\/\/www.bibliotecadeseguranca.com.br\/fr\/wp-json\/wp\/v2\/comments?post=3128"}],"version-history":[{"count":8,"href":"https:\/\/www.bibliotecadeseguranca.com.br\/fr\/wp-json\/wp\/v2\/posts\/3128\/revisions"}],"predecessor-version":[{"id":9407,"href":"https:\/\/www.bibliotecadeseguranca.com.br\/fr\/wp-json\/wp\/v2\/posts\/3128\/revisions\/9407"}],"wp:featuredmedia":[{"embeddable":true,"href":"https:\/\/www.bibliotecadeseguranca.com.br\/fr\/wp-json\/wp\/v2\/media\/3280"}],"wp:attachment":[{"href":"https:\/\/www.bibliotecadeseguranca.com.br\/fr\/wp-json\/wp\/v2\/media?parent=3128"}],"wp:term":[{"taxonomy":"category","embeddable":true,"href":"https:\/\/www.bibliotecadeseguranca.com.br\/fr\/wp-json\/wp\/v2\/categories?post=3128"},{"taxonomy":"post_tag","embeddable":true,"href":"https:\/\/www.bibliotecadeseguranca.com.br\/fr\/wp-json\/wp\/v2\/tags?post=3128"}],"curies":[{"name":"wp","href":"https:\/\/api.w.org\/{rel}","templated":true}]}}