{"id":3116,"date":"2012-09-26T21:43:16","date_gmt":"2012-09-27T00:43:16","guid":{"rendered":"http:\/\/www.bibliotecadeseguranca.com.br\/fr\/?p=3116"},"modified":"2014-02-06T02:02:57","modified_gmt":"2014-02-06T05:02:57","slug":"democracia-e-seguranca-nacional-policia-politica-no-pos-guerra","status":"publish","type":"post","link":"https:\/\/www.bibliotecadeseguranca.com.br\/fr\/livros\/democracia-e-seguranca-nacional-policia-politica-no-pos-guerra\/","title":{"rendered":"Democracia e Seguran\u00e7a Nacional &#8211; A pol\u00edcia pol\u00edtica no p\u00f3s-guerra"},"content":{"rendered":"<p><strong><img loading=\"lazy\" decoding=\"async\" class=\"alignleft size-full wp-image-3276\" title=\"Democracia e Seguran\u00e7a Nacional - A pol\u00edcia pol\u00edtica no p\u00f3s-guerra\" alt=\"\" src=\"http:\/\/www.bibliotecadeseguranca.com.br\/fr\/wp-content\/uploads\/2012\/09\/democracia-e-seguranca-nacional-a-policia-politica-no-pos-guerra.jpg\" width=\"150\" height=\"212\" srcset=\"https:\/\/www.bibliotecadeseguranca.com.br\/fr\/wp-content\/uploads\/2012\/09\/democracia-e-seguranca-nacional-a-policia-politica-no-pos-guerra.jpg 150w, https:\/\/www.bibliotecadeseguranca.com.br\/fr\/wp-content\/uploads\/2012\/09\/democracia-e-seguranca-nacional-a-policia-politica-no-pos-guerra-106x150.jpg 106w\" sizes=\"auto, (max-width: 150px) 100vw, 150px\" \/><span style=\"color: #003366;\">Luis Reznik<\/span><\/strong><\/p>\n<p><span style=\"color: #003366;\"><strong>Editor FGV<\/strong><\/span><\/p>\n<p><span style=\"color: #003366;\"><strong>Descripci\u00f3n:<\/strong><\/span> Lu\u00eds Reznik leva o leitor a refletir sobre a rela\u00e7\u00e3o entre toler\u00e2ncia\/intoler\u00e2ncia pol\u00edtica e a constru\u00e7\u00e3o da democracia por meio do estudo da montagem de uma pol\u00edcia pol\u00edtica no Brasil, desde a d\u00e9cada de 1930 at\u00e9 os anos de 1990. E a avaliar a democracia que queremos e, com ela, a pr\u00f3pria no\u00e7\u00e3o e os instrumentos de seguran\u00e7a nacional.<\/p>\n","protected":false},"excerpt":{"rendered":"<p>Luis Reznik Editor FGV Descripci\u00f3n: Lu\u00eds Reznik leva o leitor a refletir sobre a rela\u00e7\u00e3o entre toler\u00e2ncia\/intoler\u00e2ncia pol\u00edtica e a constru\u00e7\u00e3o da democracia por meio do estudo da montagem de uma pol\u00edcia pol\u00edtica no Brasil, desde a d\u00e9cada de 1930 at\u00e9 os anos de 1990. E a avaliar a democracia que queremos e, com ela, a pr\u00f3pria no\u00e7\u00e3o e os instrumentos de seguran\u00e7a nacional.<\/p>\n","protected":false},"author":3,"featured_media":3276,"comment_status":"open","ping_status":"closed","sticky":false,"template":"","format":"standard","meta":{"footnotes":""},"categories":[6,25],"tags":[],"class_list":["post-3116","post","type-post","status-publish","format-standard","has-post-thumbnail","hentry","category-livros","category-seguranca-publica-e-defesa"],"views":317,"_links":{"self":[{"href":"https:\/\/www.bibliotecadeseguranca.com.br\/fr\/wp-json\/wp\/v2\/posts\/3116","targetHints":{"allow":["GET"]}}],"collection":[{"href":"https:\/\/www.bibliotecadeseguranca.com.br\/fr\/wp-json\/wp\/v2\/posts"}],"about":[{"href":"https:\/\/www.bibliotecadeseguranca.com.br\/fr\/wp-json\/wp\/v2\/types\/post"}],"author":[{"embeddable":true,"href":"https:\/\/www.bibliotecadeseguranca.com.br\/fr\/wp-json\/wp\/v2\/users\/3"}],"replies":[{"embeddable":true,"href":"https:\/\/www.bibliotecadeseguranca.com.br\/fr\/wp-json\/wp\/v2\/comments?post=3116"}],"version-history":[{"count":11,"href":"https:\/\/www.bibliotecadeseguranca.com.br\/fr\/wp-json\/wp\/v2\/posts\/3116\/revisions"}],"predecessor-version":[{"id":9405,"href":"https:\/\/www.bibliotecadeseguranca.com.br\/fr\/wp-json\/wp\/v2\/posts\/3116\/revisions\/9405"}],"wp:featuredmedia":[{"embeddable":true,"href":"https:\/\/www.bibliotecadeseguranca.com.br\/fr\/wp-json\/wp\/v2\/media\/3276"}],"wp:attachment":[{"href":"https:\/\/www.bibliotecadeseguranca.com.br\/fr\/wp-json\/wp\/v2\/media?parent=3116"}],"wp:term":[{"taxonomy":"category","embeddable":true,"href":"https:\/\/www.bibliotecadeseguranca.com.br\/fr\/wp-json\/wp\/v2\/categories?post=3116"},{"taxonomy":"post_tag","embeddable":true,"href":"https:\/\/www.bibliotecadeseguranca.com.br\/fr\/wp-json\/wp\/v2\/tags?post=3116"}],"curies":[{"name":"wp","href":"https:\/\/api.w.org\/{rel}","templated":true}]}}