{"id":3052,"date":"2012-09-25T22:07:58","date_gmt":"2012-09-26T01:07:58","guid":{"rendered":"http:\/\/www.bibliotecadeseguranca.com.br\/fr\/?p=3052"},"modified":"2014-02-06T02:09:23","modified_gmt":"2014-02-06T05:09:23","slug":"seguranca-urbana-o-modelo-da-nova-prevencao","status":"publish","type":"post","link":"https:\/\/www.bibliotecadeseguranca.com.br\/fr\/livros\/seguranca-urbana-o-modelo-da-nova-prevencao\/","title":{"rendered":"Seguran\u00e7a Urbana &#8211; O Modelo da Nova Preven\u00e7\u00e3o"},"content":{"rendered":"<p><strong><img loading=\"lazy\" decoding=\"async\" class=\"alignleft size-full wp-image-3055\" title=\"Seguran\u00e7a Urbana - O Modelo da Nova Preven\u00e7\u00e3o\" alt=\"\" src=\"http:\/\/www.bibliotecadeseguranca.com.br\/fr\/wp-content\/uploads\/2012\/09\/seguranca-urbana-o-modelo-da-nova-prevencao.jpg\" width=\"120\" height=\"180\" srcset=\"https:\/\/www.bibliotecadeseguranca.com.br\/fr\/wp-content\/uploads\/2012\/09\/seguranca-urbana-o-modelo-da-nova-prevencao.jpg 120w, https:\/\/www.bibliotecadeseguranca.com.br\/fr\/wp-content\/uploads\/2012\/09\/seguranca-urbana-o-modelo-da-nova-prevencao-100x150.jpg 100w\" sizes=\"auto, (max-width: 120px) 100vw, 120px\" \/><span style=\"color: #003366;\">Theodomiro Dias Neto<\/span><\/strong><\/p>\n<p><span style=\"color: #003366;\"><strong>Editor Revista dos Tribunais<\/strong><\/span><\/p>\n<p><span style=\"color: #003366;\"><strong>Descripci\u00f3n:<\/strong><\/span> Muitos conceitos emergem dos debates p\u00fablicos para expressar novidades no \u00e2mbito das pol\u00edticas de seguran\u00e7a urbana. A utiliza\u00e7\u00e3o indiscriminada desses conceitos oculta os amb\u00edguos rumos dos discursos contempor\u00e2neos no campo da preven\u00e7\u00e3o ao crime. H\u00e1, contudo, experi\u00eancias importantes que revelam rea\u00e7\u00e3o ao m\u00e9todo penal de compreens\u00e3o e tratamento dos conflitos indicando um modelo multiagencial de prote\u00e7\u00e3o de direitos, no qual o sistema penal opera como componente subsidi\u00e1rio. Por outro lado, h\u00e1 o recrudescimento da legisla\u00e7\u00e3o penal, que tem contaminado perigosamente a ideologia das pol\u00edticas p\u00fablicas pelas pol\u00edticas criminais. Descrever esses modelos, detectar suas ambig\u00fcidades e buscar par\u00e2metros que permitam diferenciar as experi\u00eancias concretas s\u00e3o os objetivos centrais desse trabalho.<\/p>\n","protected":false},"excerpt":{"rendered":"<p>Theodomiro Dias Neto Editor Revista dos Tribunais Descripci\u00f3n: Muitos conceitos emergem dos debates p\u00fablicos para expressar novidades no \u00e2mbito das pol\u00edticas de seguran\u00e7a urbana. A utiliza\u00e7\u00e3o indiscriminada desses conceitos oculta os amb\u00edguos rumos dos discursos contempor\u00e2neos no campo da preven\u00e7\u00e3o ao crime. H\u00e1, contudo, experi\u00eancias importantes que revelam rea\u00e7\u00e3o ao m\u00e9todo penal de compreens\u00e3o e tratamento dos conflitos indicando um modelo multiagencial de prote\u00e7\u00e3o de direitos, no qual o sistema&hellip; <\/p>\n","protected":false},"author":3,"featured_media":3055,"comment_status":"open","ping_status":"closed","sticky":false,"template":"","format":"standard","meta":{"footnotes":""},"categories":[6,25],"tags":[],"class_list":["post-3052","post","type-post","status-publish","format-standard","has-post-thumbnail","hentry","category-livros","category-seguranca-publica-e-defesa"],"views":476,"_links":{"self":[{"href":"https:\/\/www.bibliotecadeseguranca.com.br\/fr\/wp-json\/wp\/v2\/posts\/3052","targetHints":{"allow":["GET"]}}],"collection":[{"href":"https:\/\/www.bibliotecadeseguranca.com.br\/fr\/wp-json\/wp\/v2\/posts"}],"about":[{"href":"https:\/\/www.bibliotecadeseguranca.com.br\/fr\/wp-json\/wp\/v2\/types\/post"}],"author":[{"embeddable":true,"href":"https:\/\/www.bibliotecadeseguranca.com.br\/fr\/wp-json\/wp\/v2\/users\/3"}],"replies":[{"embeddable":true,"href":"https:\/\/www.bibliotecadeseguranca.com.br\/fr\/wp-json\/wp\/v2\/comments?post=3052"}],"version-history":[{"count":11,"href":"https:\/\/www.bibliotecadeseguranca.com.br\/fr\/wp-json\/wp\/v2\/posts\/3052\/revisions"}],"predecessor-version":[{"id":9391,"href":"https:\/\/www.bibliotecadeseguranca.com.br\/fr\/wp-json\/wp\/v2\/posts\/3052\/revisions\/9391"}],"wp:featuredmedia":[{"embeddable":true,"href":"https:\/\/www.bibliotecadeseguranca.com.br\/fr\/wp-json\/wp\/v2\/media\/3055"}],"wp:attachment":[{"href":"https:\/\/www.bibliotecadeseguranca.com.br\/fr\/wp-json\/wp\/v2\/media?parent=3052"}],"wp:term":[{"taxonomy":"category","embeddable":true,"href":"https:\/\/www.bibliotecadeseguranca.com.br\/fr\/wp-json\/wp\/v2\/categories?post=3052"},{"taxonomy":"post_tag","embeddable":true,"href":"https:\/\/www.bibliotecadeseguranca.com.br\/fr\/wp-json\/wp\/v2\/tags?post=3052"}],"curies":[{"name":"wp","href":"https:\/\/api.w.org\/{rel}","templated":true}]}}