{"id":2980,"date":"2012-09-22T21:49:32","date_gmt":"2012-09-23T00:49:32","guid":{"rendered":"http:\/\/www.bibliotecadeseguranca.com.br\/fr\/?p=2980"},"modified":"2014-02-06T02:09:55","modified_gmt":"2014-02-06T05:09:55","slug":"evolucao-do-pensamento-estrategico-no-brasil","status":"publish","type":"post","link":"https:\/\/www.bibliotecadeseguranca.com.br\/fr\/livros\/evolucao-do-pensamento-estrategico-no-brasil\/","title":{"rendered":"Evolu\u00e7\u00e3o do Pensamento Estrat\u00e9gico no Brasil"},"content":{"rendered":"<p><strong><img loading=\"lazy\" decoding=\"async\" class=\"alignleft size-full wp-image-3036\" title=\"Evolu\u00e7\u00e3o do Pensamento Estrat\u00e9gico no Brasil\" alt=\"\" src=\"http:\/\/www.bibliotecadeseguranca.com.br\/fr\/wp-content\/uploads\/2012\/09\/evolucao-do-pensamento-estrategico-no-brasil.jpg\" width=\"150\" height=\"206\" srcset=\"https:\/\/www.bibliotecadeseguranca.com.br\/fr\/wp-content\/uploads\/2012\/09\/evolucao-do-pensamento-estrategico-no-brasil.jpg 150w, https:\/\/www.bibliotecadeseguranca.com.br\/fr\/wp-content\/uploads\/2012\/09\/evolucao-do-pensamento-estrategico-no-brasil-109x150.jpg 109w\" sizes=\"auto, (max-width: 150px) 100vw, 150px\" \/><span style=\"color: #003366;\">Agricola Bethlem<\/span><\/strong><\/p>\n<p><span style=\"color: #003366;\"><strong>Editor Atlas<\/strong><\/span><\/p>\n<p><strong><span style=\"color: #003366;\">Descripci\u00f3n:<\/span> <\/strong>Atrav\u00e9s de estudos de casos, que relatam fatos reais, este livro mostra como evoluiu no Brasil o processo de planejamento estrat\u00e9gico e de implanta\u00e7\u00e3o de administra\u00e7\u00e3o estrat\u00e9gica.<br \/>\nUtilizando dados de conjuntura, pode-se mostrar como a empresa precisa adaptar-se permanentemente a um meio ambiente que, no mundo globalizado em geral e no Brasil em particular, tem como \u00fanico fen\u00f4meno permanente a mudan\u00e7a.<br \/>\nPara auxiliar a compreens\u00e3o dos fen\u00f4menos e conceitos envolvidos, foram escritos dois cap\u00edtulos. O primeiro analisa a evolu\u00e7\u00e3o do pensamento estrat\u00e9gico dos dirigentes das empresas. Ele reporta-se \u00e0 forma pela qual os conceitos v\u00e3o sendo incorporados ao elenco de conhecimentos dos dirigentes, com base na premissa de que aprender \u00e9 saber usar e n\u00e3o se usa sem aprender. O outro descreve as mudan\u00e7as ambientais e comportamentais ocorridas no Brasil nas d\u00e9cadas de 70 e 90, na pressuposi\u00e7\u00e3o de que administra\u00e7\u00e3o e administra\u00e7\u00e3o estrat\u00e9gica s\u00e3o pr\u00e1xis e modificam-se com as circunst\u00e2ncias e, portanto, no espa\u00e7o e no tempo.<br \/>\nComo a administra\u00e7\u00e3o \u00e9 uma pr\u00e1xis, na qual se procura a melhor pr\u00e1tica (best practice dos americanos) que varia com as circunst\u00e2ncias existentes e os recursos dispon\u00edveis, a obra \u00e9 adequada para servir de base para cursos em que se procure ensinar como administra\u00e7\u00e3o e estrat\u00e9gia t\u00eam sido e devem ser praticadas no Brasil.<\/p>\n","protected":false},"excerpt":{"rendered":"<p>Agricola Bethlem Editor Atlas Descripci\u00f3n: Atrav\u00e9s de estudos de casos, que relatam fatos reais, este livro mostra como evoluiu no Brasil o processo de planejamento estrat\u00e9gico e de implanta\u00e7\u00e3o de administra\u00e7\u00e3o estrat\u00e9gica. Utilizando dados de conjuntura, pode-se mostrar como a empresa precisa adaptar-se permanentemente a um meio ambiente que, no mundo globalizado em geral e no Brasil em particular, tem como \u00fanico fen\u00f4meno permanente a mudan\u00e7a. Para auxiliar a compreens\u00e3o&hellip; <\/p>\n","protected":false},"author":3,"featured_media":3036,"comment_status":"open","ping_status":"closed","sticky":false,"template":"","format":"standard","meta":{"footnotes":""},"categories":[14,6],"tags":[],"class_list":["post-2980","post","type-post","status-publish","format-standard","has-post-thumbnail","hentry","category-administracao-e-estrategia-empresarial","category-livros"],"views":465,"_links":{"self":[{"href":"https:\/\/www.bibliotecadeseguranca.com.br\/fr\/wp-json\/wp\/v2\/posts\/2980","targetHints":{"allow":["GET"]}}],"collection":[{"href":"https:\/\/www.bibliotecadeseguranca.com.br\/fr\/wp-json\/wp\/v2\/posts"}],"about":[{"href":"https:\/\/www.bibliotecadeseguranca.com.br\/fr\/wp-json\/wp\/v2\/types\/post"}],"author":[{"embeddable":true,"href":"https:\/\/www.bibliotecadeseguranca.com.br\/fr\/wp-json\/wp\/v2\/users\/3"}],"replies":[{"embeddable":true,"href":"https:\/\/www.bibliotecadeseguranca.com.br\/fr\/wp-json\/wp\/v2\/comments?post=2980"}],"version-history":[{"count":8,"href":"https:\/\/www.bibliotecadeseguranca.com.br\/fr\/wp-json\/wp\/v2\/posts\/2980\/revisions"}],"predecessor-version":[{"id":9385,"href":"https:\/\/www.bibliotecadeseguranca.com.br\/fr\/wp-json\/wp\/v2\/posts\/2980\/revisions\/9385"}],"wp:featuredmedia":[{"embeddable":true,"href":"https:\/\/www.bibliotecadeseguranca.com.br\/fr\/wp-json\/wp\/v2\/media\/3036"}],"wp:attachment":[{"href":"https:\/\/www.bibliotecadeseguranca.com.br\/fr\/wp-json\/wp\/v2\/media?parent=2980"}],"wp:term":[{"taxonomy":"category","embeddable":true,"href":"https:\/\/www.bibliotecadeseguranca.com.br\/fr\/wp-json\/wp\/v2\/categories?post=2980"},{"taxonomy":"post_tag","embeddable":true,"href":"https:\/\/www.bibliotecadeseguranca.com.br\/fr\/wp-json\/wp\/v2\/tags?post=2980"}],"curies":[{"name":"wp","href":"https:\/\/api.w.org\/{rel}","templated":true}]}}