{"id":2951,"date":"2012-09-22T20:41:42","date_gmt":"2012-09-22T23:41:42","guid":{"rendered":"http:\/\/www.bibliotecadeseguranca.com.br\/fr\/?p=2951"},"modified":"2014-02-06T02:10:57","modified_gmt":"2014-02-06T05:10:57","slug":"gestao-estrategica-da-informacao-como-transformar-a-informacao-e-a-tecnologia-da-informacao-em-fatores-de-crescimento-e-de-alto-desempenho-nas-organizacoes","status":"publish","type":"post","link":"https:\/\/www.bibliotecadeseguranca.com.br\/fr\/livros\/gestao-estrategica-da-informacao-como-transformar-a-informacao-e-a-tecnologia-da-informacao-em-fatores-de-crescimento-e-de-alto-desempenho-nas-organizacoes\/","title":{"rendered":"Gest\u00e3o Estrat\u00e9gica da Informa\u00e7\u00e3o"},"content":{"rendered":"<p><img loading=\"lazy\" decoding=\"async\" class=\"alignleft size-full wp-image-3032\" title=\"Gest\u00e3o Estrat\u00e9gica da Informa\u00e7\u00e3o: Como Transformar a Informa\u00e7\u00e3o e a Tecnologia da Informa\u00e7\u00e3o em Fatores de Crescimento e de Alto Desempenho nas Organiza\u00e7\u00f5es\" alt=\"\" src=\"http:\/\/www.bibliotecadeseguranca.com.br\/fr\/wp-content\/uploads\/2012\/09\/gestao-estrategica-da-informacao-como-transformar-a-informacao-e-a-tecnologia-da-informacao-em-fatores-de-crescimento-e-de-alto-desempenho-nas-organizacoes.jpg\" width=\"109\" height=\"150\" \/><span style=\"color: #003366;\"><strong>Adriana Beal<\/strong><\/span><\/p>\n<p><span style=\"color: #003366;\"><strong>Editor Atlas<\/strong><\/span><\/p>\n<p><span style=\"color: #003366;\"><strong>Descripci\u00f3n:<\/strong><\/span> Este livro oferece uma vis\u00e3o integrada da gest\u00e3o da informa\u00e7\u00e3o e da Tecnologia da Informa\u00e7\u00e3o (TI) dentro de um referencial estrat\u00e9gico. Al\u00e9m dos conceitos importantes sobre o tema, a obra cont\u00e9m uma metodologia clara para a implanta\u00e7\u00e3o da gest\u00e3o estrat\u00e9gica da informa\u00e7\u00e3o nas organiza\u00e7\u00f5es, possibilitando o estabelecimento, na pr\u00e1tica, de processos gerenciais adequados para a manuten\u00e7\u00e3o de um fluxo de informa\u00e7\u00f5es eficiente e eficaz, com impacto significativo sobre o desempenho organizacional.<br \/>\nSeu conte\u00fado abrange desde a conceitua\u00e7\u00e3o b\u00e1sica do que vem a ser informa\u00e7\u00e3o at\u00e9 as maneiras pelas quais as organiza\u00e7\u00f5es podem definir e concretizar estrat\u00e9gias de informa\u00e7\u00e3o e de TI capazes de transformar o uso da informa\u00e7\u00e3o da tecnologia em fator de sobreviv\u00eancia e de crescimento do neg\u00f3cio.<br \/>\nPara facilitar a conex\u00e3o entre teoria e pr\u00e1tica, foram inclu\u00eddos estudos de casos, extra\u00eddos de trabalhos de pesquisa sobre o assunto, bem como da experi\u00eancia da autora e de profissionais consultados.<\/p>\n","protected":false},"excerpt":{"rendered":"<p>Adriana Beal Editor Atlas Descripci\u00f3n: Este livro oferece uma vis\u00e3o integrada da gest\u00e3o da informa\u00e7\u00e3o e da Tecnologia da Informa\u00e7\u00e3o (TI) dentro de um referencial estrat\u00e9gico. Al\u00e9m dos conceitos importantes sobre o tema, a obra cont\u00e9m uma metodologia clara para a implanta\u00e7\u00e3o da gest\u00e3o estrat\u00e9gica da informa\u00e7\u00e3o nas organiza\u00e7\u00f5es, possibilitando o estabelecimento, na pr\u00e1tica, de processos gerenciais adequados para a manuten\u00e7\u00e3o de um fluxo de informa\u00e7\u00f5es eficiente e eficaz, com&hellip; <\/p>\n","protected":false},"author":3,"featured_media":3032,"comment_status":"open","ping_status":"closed","sticky":false,"template":"","format":"standard","meta":{"footnotes":""},"categories":[6,20],"tags":[],"class_list":["post-2951","post","type-post","status-publish","format-standard","has-post-thumbnail","hentry","category-livros","category-seguranca-da-informacao"],"views":343,"_links":{"self":[{"href":"https:\/\/www.bibliotecadeseguranca.com.br\/fr\/wp-json\/wp\/v2\/posts\/2951","targetHints":{"allow":["GET"]}}],"collection":[{"href":"https:\/\/www.bibliotecadeseguranca.com.br\/fr\/wp-json\/wp\/v2\/posts"}],"about":[{"href":"https:\/\/www.bibliotecadeseguranca.com.br\/fr\/wp-json\/wp\/v2\/types\/post"}],"author":[{"embeddable":true,"href":"https:\/\/www.bibliotecadeseguranca.com.br\/fr\/wp-json\/wp\/v2\/users\/3"}],"replies":[{"embeddable":true,"href":"https:\/\/www.bibliotecadeseguranca.com.br\/fr\/wp-json\/wp\/v2\/comments?post=2951"}],"version-history":[{"count":10,"href":"https:\/\/www.bibliotecadeseguranca.com.br\/fr\/wp-json\/wp\/v2\/posts\/2951\/revisions"}],"predecessor-version":[{"id":9380,"href":"https:\/\/www.bibliotecadeseguranca.com.br\/fr\/wp-json\/wp\/v2\/posts\/2951\/revisions\/9380"}],"wp:featuredmedia":[{"embeddable":true,"href":"https:\/\/www.bibliotecadeseguranca.com.br\/fr\/wp-json\/wp\/v2\/media\/3032"}],"wp:attachment":[{"href":"https:\/\/www.bibliotecadeseguranca.com.br\/fr\/wp-json\/wp\/v2\/media?parent=2951"}],"wp:term":[{"taxonomy":"category","embeddable":true,"href":"https:\/\/www.bibliotecadeseguranca.com.br\/fr\/wp-json\/wp\/v2\/categories?post=2951"},{"taxonomy":"post_tag","embeddable":true,"href":"https:\/\/www.bibliotecadeseguranca.com.br\/fr\/wp-json\/wp\/v2\/tags?post=2951"}],"curies":[{"name":"wp","href":"https:\/\/api.w.org\/{rel}","templated":true}]}}