{"id":2947,"date":"2012-09-21T23:04:47","date_gmt":"2012-09-22T02:04:47","guid":{"rendered":"http:\/\/www.bibliotecadeseguranca.com.br\/fr\/?p=2947"},"modified":"2014-02-06T02:11:02","modified_gmt":"2014-02-06T05:11:02","slug":"gestao-estrategica-do-conhecimento","status":"publish","type":"post","link":"https:\/\/www.bibliotecadeseguranca.com.br\/fr\/livros\/gestao-estrategica-do-conhecimento\/","title":{"rendered":"Gest\u00e3o Estrat\u00e9gica do Conhecimento"},"content":{"rendered":"<p><strong><img loading=\"lazy\" decoding=\"async\" class=\"alignleft size-full wp-image-3030\" title=\"Gest\u00e3o Estrategica do Conhecimento\" alt=\"\" src=\"http:\/\/www.bibliotecadeseguranca.com.br\/fr\/wp-content\/uploads\/2012\/09\/Gestao-Estrategica-do-Conhecimento.jpg\" width=\"150\" height=\"209\" srcset=\"https:\/\/www.bibliotecadeseguranca.com.br\/fr\/wp-content\/uploads\/2012\/09\/Gestao-Estrategica-do-Conhecimento.jpg 150w, https:\/\/www.bibliotecadeseguranca.com.br\/fr\/wp-content\/uploads\/2012\/09\/Gestao-Estrategica-do-Conhecimento-107x150.jpg 107w\" sizes=\"auto, (max-width: 150px) 100vw, 150px\" \/><span style=\"color: #003366;\">Maria Tereza Fleury e Moacir de Oliveira Jr.<\/span><\/strong><\/p>\n<p><span style=\"color: #003366;\"><strong>Editor Atlas<\/strong><\/span><\/p>\n<p style=\"text-align: justify;\"><span style=\"color: #003366;\"><strong>Descripci\u00f3n:<\/strong><\/span> O tema Gest\u00e3o do Conhecimento emergiu na \u00faltima d\u00e9cada das discuss\u00f5es fechadas entre pesquisadores e profissionais de P&amp;D das empresas, para despontar como um dos assuntos mais polemizados e menos compreendidos. Procurando avan\u00e7ar nessa quest\u00e3o e trazer uma contribui\u00e7\u00e3o significativa, n\u00e3o s\u00f3 para o mundo acad\u00eamico, mas principalmente para as empresas brasileiras, esta colet\u00e2nea foi organizada. Re\u00fane artigos de pesquisadores internacionais e nacionais sobre temas como Gest\u00e3o do Conhecimento, Aprendizagem Organizacional, Compet\u00eancias Essenciais e apresenta o resultado de estudos realizados em diferentes pa\u00edses.<\/p>\n","protected":false},"excerpt":{"rendered":"<p>Maria Tereza Fleury e Moacir de Oliveira Jr. Editor Atlas Descripci\u00f3n: O tema Gest\u00e3o do Conhecimento emergiu na \u00faltima d\u00e9cada das discuss\u00f5es fechadas entre pesquisadores e profissionais de P&amp;D das empresas, para despontar como um dos assuntos mais polemizados e menos compreendidos. Procurando avan\u00e7ar nessa quest\u00e3o e trazer uma contribui\u00e7\u00e3o significativa, n\u00e3o s\u00f3 para o mundo acad\u00eamico, mas principalmente para as empresas brasileiras, esta colet\u00e2nea foi organizada. Re\u00fane artigos de&hellip; <\/p>\n","protected":false},"author":3,"featured_media":3030,"comment_status":"open","ping_status":"closed","sticky":false,"template":"","format":"standard","meta":{"footnotes":""},"categories":[30,6],"tags":[],"class_list":["post-2947","post","type-post","status-publish","format-standard","has-post-thumbnail","hentry","category-espionagem-e-inteligencia-competitiva","category-livros"],"views":270,"_links":{"self":[{"href":"https:\/\/www.bibliotecadeseguranca.com.br\/fr\/wp-json\/wp\/v2\/posts\/2947","targetHints":{"allow":["GET"]}}],"collection":[{"href":"https:\/\/www.bibliotecadeseguranca.com.br\/fr\/wp-json\/wp\/v2\/posts"}],"about":[{"href":"https:\/\/www.bibliotecadeseguranca.com.br\/fr\/wp-json\/wp\/v2\/types\/post"}],"author":[{"embeddable":true,"href":"https:\/\/www.bibliotecadeseguranca.com.br\/fr\/wp-json\/wp\/v2\/users\/3"}],"replies":[{"embeddable":true,"href":"https:\/\/www.bibliotecadeseguranca.com.br\/fr\/wp-json\/wp\/v2\/comments?post=2947"}],"version-history":[{"count":7,"href":"https:\/\/www.bibliotecadeseguranca.com.br\/fr\/wp-json\/wp\/v2\/posts\/2947\/revisions"}],"predecessor-version":[{"id":9379,"href":"https:\/\/www.bibliotecadeseguranca.com.br\/fr\/wp-json\/wp\/v2\/posts\/2947\/revisions\/9379"}],"wp:featuredmedia":[{"embeddable":true,"href":"https:\/\/www.bibliotecadeseguranca.com.br\/fr\/wp-json\/wp\/v2\/media\/3030"}],"wp:attachment":[{"href":"https:\/\/www.bibliotecadeseguranca.com.br\/fr\/wp-json\/wp\/v2\/media?parent=2947"}],"wp:term":[{"taxonomy":"category","embeddable":true,"href":"https:\/\/www.bibliotecadeseguranca.com.br\/fr\/wp-json\/wp\/v2\/categories?post=2947"},{"taxonomy":"post_tag","embeddable":true,"href":"https:\/\/www.bibliotecadeseguranca.com.br\/fr\/wp-json\/wp\/v2\/tags?post=2947"}],"curies":[{"name":"wp","href":"https:\/\/api.w.org\/{rel}","templated":true}]}}