{"id":2923,"date":"2012-09-20T23:53:24","date_gmt":"2012-09-21T02:53:24","guid":{"rendered":"http:\/\/www.bibliotecadeseguranca.com.br\/fr\/?p=2923"},"modified":"2014-02-06T02:14:55","modified_gmt":"2014-02-06T05:14:55","slug":"gestao-de-empresas-na-era-do-conhecimento","status":"publish","type":"post","link":"https:\/\/www.bibliotecadeseguranca.com.br\/fr\/livros\/gestao-de-empresas-na-era-do-conhecimento\/","title":{"rendered":"Gest\u00e3o de Empresas na Era do Conhecimento"},"content":{"rendered":"<p><strong><img loading=\"lazy\" decoding=\"async\" class=\"alignleft size-full wp-image-2926\" title=\"Gest\u00e3o de Empresas na Era do Conhecimento\" alt=\"\" src=\"http:\/\/www.bibliotecadeseguranca.com.br\/fr\/wp-content\/uploads\/2012\/09\/gestao-de-empresas-na-era-do-conhecimento.jpg\" width=\"139\" height=\"198\" srcset=\"https:\/\/www.bibliotecadeseguranca.com.br\/fr\/wp-content\/uploads\/2012\/09\/gestao-de-empresas-na-era-do-conhecimento.jpg 139w, https:\/\/www.bibliotecadeseguranca.com.br\/fr\/wp-content\/uploads\/2012\/09\/gestao-de-empresas-na-era-do-conhecimento-105x150.jpg 105w\" sizes=\"auto, (max-width: 139px) 100vw, 139px\" \/><span style=\"color: #003366;\">Ricardo Vidigal, Ana Neves<\/span><\/strong><\/p>\n<p><span style=\"color: #003366;\"><strong>Editor Serinews<\/strong><\/span><\/p>\n<p><span style=\"color: #003366;\"><strong>Descripci\u00f3n:<\/strong><\/span> Lan\u00e7ado em Portugal, nos traz diversos assuntos relacionados \u00e0 Gest\u00e3o do Conhecimento, enriquecidos com perspectivas e experi\u00eancia de diversos autores de Brasil e de l\u00e1. O livro aborda temas como a Era do Conhecimento, como implantar Gest\u00e3o do Conhecimento nas organiza\u00e7\u00f5es, Comunidades de Pr\u00e1tica, Intelig\u00eancia Competitiva e muito mais.<\/p>\n<p>&nbsp;<\/p>\n","protected":false},"excerpt":{"rendered":"<p>Ricardo Vidigal, Ana Neves Editor Serinews Descripci\u00f3n: Lan\u00e7ado em Portugal, nos traz diversos assuntos relacionados \u00e0 Gest\u00e3o do Conhecimento, enriquecidos com perspectivas e experi\u00eancia de diversos autores de Brasil e de l\u00e1. O livro aborda temas como a Era do Conhecimento, como implantar Gest\u00e3o do Conhecimento nas organiza\u00e7\u00f5es, Comunidades de Pr\u00e1tica, Intelig\u00eancia Competitiva e muito mais. &nbsp;<\/p>\n","protected":false},"author":3,"featured_media":2926,"comment_status":"open","ping_status":"closed","sticky":false,"template":"","format":"standard","meta":{"footnotes":""},"categories":[14,30,6],"tags":[],"class_list":["post-2923","post","type-post","status-publish","format-standard","has-post-thumbnail","hentry","category-administracao-e-estrategia-empresarial","category-espionagem-e-inteligencia-competitiva","category-livros"],"views":514,"_links":{"self":[{"href":"https:\/\/www.bibliotecadeseguranca.com.br\/fr\/wp-json\/wp\/v2\/posts\/2923","targetHints":{"allow":["GET"]}}],"collection":[{"href":"https:\/\/www.bibliotecadeseguranca.com.br\/fr\/wp-json\/wp\/v2\/posts"}],"about":[{"href":"https:\/\/www.bibliotecadeseguranca.com.br\/fr\/wp-json\/wp\/v2\/types\/post"}],"author":[{"embeddable":true,"href":"https:\/\/www.bibliotecadeseguranca.com.br\/fr\/wp-json\/wp\/v2\/users\/3"}],"replies":[{"embeddable":true,"href":"https:\/\/www.bibliotecadeseguranca.com.br\/fr\/wp-json\/wp\/v2\/comments?post=2923"}],"version-history":[{"count":10,"href":"https:\/\/www.bibliotecadeseguranca.com.br\/fr\/wp-json\/wp\/v2\/posts\/2923\/revisions"}],"predecessor-version":[{"id":9375,"href":"https:\/\/www.bibliotecadeseguranca.com.br\/fr\/wp-json\/wp\/v2\/posts\/2923\/revisions\/9375"}],"wp:featuredmedia":[{"embeddable":true,"href":"https:\/\/www.bibliotecadeseguranca.com.br\/fr\/wp-json\/wp\/v2\/media\/2926"}],"wp:attachment":[{"href":"https:\/\/www.bibliotecadeseguranca.com.br\/fr\/wp-json\/wp\/v2\/media?parent=2923"}],"wp:term":[{"taxonomy":"category","embeddable":true,"href":"https:\/\/www.bibliotecadeseguranca.com.br\/fr\/wp-json\/wp\/v2\/categories?post=2923"},{"taxonomy":"post_tag","embeddable":true,"href":"https:\/\/www.bibliotecadeseguranca.com.br\/fr\/wp-json\/wp\/v2\/tags?post=2923"}],"curies":[{"name":"wp","href":"https:\/\/api.w.org\/{rel}","templated":true}]}}