{"id":2822,"date":"2012-08-28T21:26:43","date_gmt":"2012-08-29T00:26:43","guid":{"rendered":"http:\/\/www.bibliotecadeseguranca.com.br\/fr\/?p=2822"},"modified":"2014-02-06T02:15:29","modified_gmt":"2014-02-06T05:15:29","slug":"sequestro-como-se-defender-2","status":"publish","type":"post","link":"https:\/\/www.bibliotecadeseguranca.com.br\/fr\/livros\/sequestro-como-se-defender-2\/","title":{"rendered":"Sequestro Como se Defender"},"content":{"rendered":"<p><strong><img loading=\"lazy\" decoding=\"async\" class=\"alignleft size-full wp-image-2823\" title=\"Sequestro Como se Defender\" alt=\"\" src=\"http:\/\/www.bibliotecadeseguranca.com.br\/fr\/wp-content\/uploads\/2012\/08\/sequestro-como-se-defender.jpg\" width=\"101\" height=\"157\" srcset=\"https:\/\/www.bibliotecadeseguranca.com.br\/fr\/wp-content\/uploads\/2012\/08\/sequestro-como-se-defender.jpg 101w, https:\/\/www.bibliotecadeseguranca.com.br\/fr\/wp-content\/uploads\/2012\/08\/sequestro-como-se-defender-96x150.jpg 96w\" sizes=\"auto, (max-width: 101px) 100vw, 101px\" \/><span style=\"color: #003366;\">Antonio Celso Ribeiro Brasiliano e Hekel de Miranda Raposo<\/span><\/strong><\/p>\n<p><span style=\"color: #003366;\"><strong>Editor Forense<\/strong><\/span><\/p>\n<p><span style=\"color: #003366;\"><strong>Descripci\u00f3n:<\/strong><\/span> Os autores colocam \u00e0 disposi\u00e7\u00e3o dos interessados a experi\u00eancia que cumularam no curso de suas vidas profissionais, escolhendo um tema que, tanto no Brasil como no exterior, vem alcan\u00e7ando muita repercuss\u00e3o. O livro, de leitura f\u00e1cil, merece ser lido por todos, especialmente aqueles que, por dever de of\u00edcio, t\u00eam a grave incumb\u00eancia de enfrentar a criminalidade.<\/p>\n","protected":false},"excerpt":{"rendered":"<p>Antonio Celso Ribeiro Brasiliano e Hekel de Miranda Raposo Editor Forense Descripci\u00f3n: Os autores colocam \u00e0 disposi\u00e7\u00e3o dos interessados a experi\u00eancia que cumularam no curso de suas vidas profissionais, escolhendo um tema que, tanto no Brasil como no exterior, vem alcan\u00e7ando muita repercuss\u00e3o. O livro, de leitura f\u00e1cil, merece ser lido por todos, especialmente aqueles que, por dever de of\u00edcio, t\u00eam a grave incumb\u00eancia de enfrentar a criminalidade.<\/p>\n","protected":false},"author":3,"featured_media":2823,"comment_status":"open","ping_status":"closed","sticky":false,"template":"","format":"standard","meta":{"footnotes":""},"categories":[6,24],"tags":[],"class_list":["post-2822","post","type-post","status-publish","format-standard","has-post-thumbnail","hentry","category-livros","category-seguranca-pessoal-e-sequestro"],"views":463,"_links":{"self":[{"href":"https:\/\/www.bibliotecadeseguranca.com.br\/fr\/wp-json\/wp\/v2\/posts\/2822","targetHints":{"allow":["GET"]}}],"collection":[{"href":"https:\/\/www.bibliotecadeseguranca.com.br\/fr\/wp-json\/wp\/v2\/posts"}],"about":[{"href":"https:\/\/www.bibliotecadeseguranca.com.br\/fr\/wp-json\/wp\/v2\/types\/post"}],"author":[{"embeddable":true,"href":"https:\/\/www.bibliotecadeseguranca.com.br\/fr\/wp-json\/wp\/v2\/users\/3"}],"replies":[{"embeddable":true,"href":"https:\/\/www.bibliotecadeseguranca.com.br\/fr\/wp-json\/wp\/v2\/comments?post=2822"}],"version-history":[{"count":12,"href":"https:\/\/www.bibliotecadeseguranca.com.br\/fr\/wp-json\/wp\/v2\/posts\/2822\/revisions"}],"predecessor-version":[{"id":9363,"href":"https:\/\/www.bibliotecadeseguranca.com.br\/fr\/wp-json\/wp\/v2\/posts\/2822\/revisions\/9363"}],"wp:featuredmedia":[{"embeddable":true,"href":"https:\/\/www.bibliotecadeseguranca.com.br\/fr\/wp-json\/wp\/v2\/media\/2823"}],"wp:attachment":[{"href":"https:\/\/www.bibliotecadeseguranca.com.br\/fr\/wp-json\/wp\/v2\/media?parent=2822"}],"wp:term":[{"taxonomy":"category","embeddable":true,"href":"https:\/\/www.bibliotecadeseguranca.com.br\/fr\/wp-json\/wp\/v2\/categories?post=2822"},{"taxonomy":"post_tag","embeddable":true,"href":"https:\/\/www.bibliotecadeseguranca.com.br\/fr\/wp-json\/wp\/v2\/tags?post=2822"}],"curies":[{"name":"wp","href":"https:\/\/api.w.org\/{rel}","templated":true}]}}