{"id":2811,"date":"2012-08-28T21:13:44","date_gmt":"2012-08-29T00:13:44","guid":{"rendered":"http:\/\/www.bibliotecadeseguranca.com.br\/fr\/?p=2811"},"modified":"2014-12-31T01:54:59","modified_gmt":"2014-12-31T04:54:59","slug":"planejamento-da-seguranca-empresarial-2","status":"publish","type":"post","link":"https:\/\/www.bibliotecadeseguranca.com.br\/fr\/livros\/planejamento-da-seguranca-empresarial-2\/","title":{"rendered":"Planejamento da Seguran\u00e7a Empresarial"},"content":{"rendered":"<p><strong><img loading=\"lazy\" decoding=\"async\" class=\"alignleft size-full wp-image-2812\" title=\"Planejamento da Seguran\u00e7a Empresarial\" alt=\"\" src=\"http:\/\/www.bibliotecadeseguranca.com.br\/fr\/wp-content\/uploads\/2012\/08\/planejamento-da-seguranca-empresarial.jpg\" width=\"101\" height=\"157\" srcset=\"https:\/\/www.bibliotecadeseguranca.com.br\/fr\/wp-content\/uploads\/2012\/08\/planejamento-da-seguranca-empresarial.jpg 101w, https:\/\/www.bibliotecadeseguranca.com.br\/fr\/wp-content\/uploads\/2012\/08\/planejamento-da-seguranca-empresarial-96x150.jpg 96w\" sizes=\"auto, (max-width: 101px) 100vw, 101px\" \/><span style=\"color: #003366;\">Antonio Celso Ribeiro Brasiliano<\/span><\/strong><\/p>\n<p><span style=\"color: #003366;\"><strong>Editor Sicurezza \/ Cia. das Artes<\/strong><\/span><\/p>\n<p><span style=\"color: #003366;\"><strong>Descripci\u00f3n:<\/strong><\/span> O autor conseguiu mostrar, de forma abrangente, todo o know-how e conhecimento adquiridos, atrav\u00e9s de anos de trabalho e participa\u00e7\u00e3o em cursos, semin\u00e1rios e congressos, no segmento da Seguran\u00e7a. E com uma felicidade muito grande conseguiu expor em doze cap\u00edtulos, mesclando uma praticidade inigual\u00e1vel a dados t\u00e9cnicos intelig\u00edveis, tudo o que diz respeito \u00e0 Seguran\u00e7a Empresarial.<\/p>\n","protected":false},"excerpt":{"rendered":"<p>Antonio Celso Ribeiro Brasiliano Editor Sicurezza \/ Cia. das Artes Descripci\u00f3n: O autor conseguiu mostrar, de forma abrangente, todo o know-how e conhecimento adquiridos, atrav\u00e9s de anos de trabalho e participa\u00e7\u00e3o em cursos, semin\u00e1rios e congressos, no segmento da Seguran\u00e7a. E com uma felicidade muito grande conseguiu expor em doze cap\u00edtulos, mesclando uma praticidade inigual\u00e1vel a dados t\u00e9cnicos intelig\u00edveis, tudo o que diz respeito \u00e0 Seguran\u00e7a Empresarial.<\/p>\n","protected":false},"author":3,"featured_media":2812,"comment_status":"open","ping_status":"closed","sticky":false,"template":"","format":"standard","meta":{"footnotes":""},"categories":[23,6],"tags":[],"class_list":["post-2811","post","type-post","status-publish","format-standard","has-post-thumbnail","hentry","category-gestao-da-seguranca-empresarial","category-livros"],"views":262,"_links":{"self":[{"href":"https:\/\/www.bibliotecadeseguranca.com.br\/fr\/wp-json\/wp\/v2\/posts\/2811","targetHints":{"allow":["GET"]}}],"collection":[{"href":"https:\/\/www.bibliotecadeseguranca.com.br\/fr\/wp-json\/wp\/v2\/posts"}],"about":[{"href":"https:\/\/www.bibliotecadeseguranca.com.br\/fr\/wp-json\/wp\/v2\/types\/post"}],"author":[{"embeddable":true,"href":"https:\/\/www.bibliotecadeseguranca.com.br\/fr\/wp-json\/wp\/v2\/users\/3"}],"replies":[{"embeddable":true,"href":"https:\/\/www.bibliotecadeseguranca.com.br\/fr\/wp-json\/wp\/v2\/comments?post=2811"}],"version-history":[{"count":11,"href":"https:\/\/www.bibliotecadeseguranca.com.br\/fr\/wp-json\/wp\/v2\/posts\/2811\/revisions"}],"predecessor-version":[{"id":9361,"href":"https:\/\/www.bibliotecadeseguranca.com.br\/fr\/wp-json\/wp\/v2\/posts\/2811\/revisions\/9361"}],"wp:featuredmedia":[{"embeddable":true,"href":"https:\/\/www.bibliotecadeseguranca.com.br\/fr\/wp-json\/wp\/v2\/media\/2812"}],"wp:attachment":[{"href":"https:\/\/www.bibliotecadeseguranca.com.br\/fr\/wp-json\/wp\/v2\/media?parent=2811"}],"wp:term":[{"taxonomy":"category","embeddable":true,"href":"https:\/\/www.bibliotecadeseguranca.com.br\/fr\/wp-json\/wp\/v2\/categories?post=2811"},{"taxonomy":"post_tag","embeddable":true,"href":"https:\/\/www.bibliotecadeseguranca.com.br\/fr\/wp-json\/wp\/v2\/tags?post=2811"}],"curies":[{"name":"wp","href":"https:\/\/api.w.org\/{rel}","templated":true}]}}