{"id":21335,"date":"2026-04-09T14:00:35","date_gmt":"2026-04-09T17:00:35","guid":{"rendered":"https:\/\/www.bibliotecadeseguranca.com.br\/fr\/?p=21335"},"modified":"2026-04-09T02:35:28","modified_gmt":"2026-04-09T05:35:28","slug":"pour-lamelioration-des-relations-entre-la-population-et-les-forces-de-securite-de-letat","status":"publish","type":"post","link":"https:\/\/www.bibliotecadeseguranca.com.br\/fr\/livros\/pour-lamelioration-des-relations-entre-la-population-et-les-forces-de-securite-de-letat\/","title":{"rendered":"Pour l&#8217;Am\u00e9lioration des Relations entre la Population et les Forces de S\u00e9curit\u00e9 de l&#8217;\u00c9tat"},"content":{"rendered":"<p><span style=\"color: #003366;\"><strong><img loading=\"lazy\" decoding=\"async\" class=\"alignleft size-full wp-image-21336\" src=\"https:\/\/www.bibliotecadeseguranca.com.br\/fr\/wp-content\/uploads\/2026\/04\/pour-lamelioration-des-relations-entre-la-population-et-les-forces-de-securite-de-letat.jpg\" alt=\"Pour l'Am\u00e9lioration des Relations entre la Population et les Forces de S\u00e9curit\u00e9 de l'\u00c9tat\" width=\"145\" height=\"205\" srcset=\"https:\/\/www.bibliotecadeseguranca.com.br\/fr\/wp-content\/uploads\/2026\/04\/pour-lamelioration-des-relations-entre-la-population-et-les-forces-de-securite-de-letat.jpg 145w, https:\/\/www.bibliotecadeseguranca.com.br\/fr\/wp-content\/uploads\/2026\/04\/pour-lamelioration-des-relations-entre-la-population-et-les-forces-de-securite-de-letat-106x150.jpg 106w\" sizes=\"auto, (max-width: 145px) 100vw, 145px\" \/>La documentation Fran\u00e7aise &#8211; France<\/strong><\/span><\/p>\n<p><span style=\"color: #003366;\"><strong>R\u00e9sum\u00e9:<\/strong><\/span> Les rapports annuels de l\u2019Observatoire national des zones urbaines sensibles (ONZUS), puis de l\u2019Observatoire national de la politique de la ville (ONPV) 1 dressent un bilan contrast\u00e9 de la situation en mati\u00e8re de s\u00e9curit\u00e9 et de tranquillit\u00e9 publiques dans les quartiers prioritaires de la politique de la ville (QPV). Bien que le taux de d\u00e9linquance g\u00e9n\u00e9-rale dans les QPV soit plut\u00f4t contenu par rapport aux unit\u00e9s urbaines environnantes, les enqu\u00eates de victimation montrent que le sentiment d\u2019ins\u00e9curit\u00e9 est davantage pr\u00e9gnant dans les QPV que sur le reste du territoire. En effet, en 2015, 24 % des habitants des QPV se sentaient en ins\u00e9curit\u00e9, contre 14 % sur le reste du territoire.<\/p>\n<p>Les questions de s\u00e9curit\u00e9 dans les QPV constituent une pr\u00e9occupation majeure pour les habitants. Pour y r\u00e9pondre, des actions de pr\u00e9vention de la d\u00e9linquance sont men\u00e9es, tout particuli\u00e8rement \u00e0 destination des mineurs et des jeunes adultes. De plus, le lien de confiance unissant la population et les forces de s\u00e9curit\u00e9 de l\u2019\u00c9tat contribue \u00e0 assurer la coh\u00e9sion sociale et la tranquillit\u00e9 publique, mais aussi \u00e0 diminuer le sentiment d\u2019ins\u00e9curit\u00e9, \u00e0 favoriser la participation des habitants \u00e0 leur s\u00e9curit\u00e9 et \u00e0 les rapprocher des institutions. Veiller au renforcement des liens de confiance unissant les forces de s\u00e9curit\u00e9 de l\u2019\u00c9tat et la population constitue ainsi un enjeu majeur pour les minist\u00e8res de l\u2019Int\u00e9rieur et de la Ville.<\/p>\n<p><a href=\"https:\/\/www.bibliotecadeseguranca.com.br\/wp-content\/uploads\/2026\/04\/pour-lamelioration-des-relations-entre-la-population-et-les-forces-de-securite-de-letat.pdf\" target=\"_blank\" rel=\"noopener\"><img loading=\"lazy\" decoding=\"async\" class=\"alignleft wp-image-12143 size-full\" src=\"https:\/\/www.bibliotecadeseguranca.com.br\/fr\/wp-content\/uploads\/2015\/03\/download_fr.gif\" alt=\"T\u00e9l\u00e9charger\" width=\"107\" height=\"25\" \/><\/a><\/p>\n","protected":false},"excerpt":{"rendered":"<p>La documentation Fran\u00e7aise &#8211; France R\u00e9sum\u00e9: Les rapports annuels de l\u2019Observatoire national des zones urbaines sensibles (ONZUS), puis de l\u2019Observatoire national de la politique de la ville (ONPV) 1 dressent un bilan contrast\u00e9 de la situation en mati\u00e8re de s\u00e9curit\u00e9 et de tranquillit\u00e9 publiques dans les quartiers prioritaires de la politique de la ville (QPV). Bien que le taux de d\u00e9linquance g\u00e9n\u00e9-rale dans les QPV soit plut\u00f4t contenu par rapport&hellip; <\/p>\n","protected":false},"author":3,"featured_media":21336,"comment_status":"open","ping_status":"closed","sticky":false,"template":"","format":"standard","meta":{"footnotes":""},"categories":[109,6,24,112],"tags":[],"class_list":["post-21335","post","type-post","status-publish","format-standard","has-post-thumbnail","hentry","category-francais","category-livros","category-seguranca-pessoal-e-sequestro","category-download"],"views":31,"_links":{"self":[{"href":"https:\/\/www.bibliotecadeseguranca.com.br\/fr\/wp-json\/wp\/v2\/posts\/21335","targetHints":{"allow":["GET"]}}],"collection":[{"href":"https:\/\/www.bibliotecadeseguranca.com.br\/fr\/wp-json\/wp\/v2\/posts"}],"about":[{"href":"https:\/\/www.bibliotecadeseguranca.com.br\/fr\/wp-json\/wp\/v2\/types\/post"}],"author":[{"embeddable":true,"href":"https:\/\/www.bibliotecadeseguranca.com.br\/fr\/wp-json\/wp\/v2\/users\/3"}],"replies":[{"embeddable":true,"href":"https:\/\/www.bibliotecadeseguranca.com.br\/fr\/wp-json\/wp\/v2\/comments?post=21335"}],"version-history":[{"count":1,"href":"https:\/\/www.bibliotecadeseguranca.com.br\/fr\/wp-json\/wp\/v2\/posts\/21335\/revisions"}],"predecessor-version":[{"id":21337,"href":"https:\/\/www.bibliotecadeseguranca.com.br\/fr\/wp-json\/wp\/v2\/posts\/21335\/revisions\/21337"}],"wp:featuredmedia":[{"embeddable":true,"href":"https:\/\/www.bibliotecadeseguranca.com.br\/fr\/wp-json\/wp\/v2\/media\/21336"}],"wp:attachment":[{"href":"https:\/\/www.bibliotecadeseguranca.com.br\/fr\/wp-json\/wp\/v2\/media?parent=21335"}],"wp:term":[{"taxonomy":"category","embeddable":true,"href":"https:\/\/www.bibliotecadeseguranca.com.br\/fr\/wp-json\/wp\/v2\/categories?post=21335"},{"taxonomy":"post_tag","embeddable":true,"href":"https:\/\/www.bibliotecadeseguranca.com.br\/fr\/wp-json\/wp\/v2\/tags?post=21335"}],"curies":[{"name":"wp","href":"https:\/\/api.w.org\/{rel}","templated":true}]}}