{"id":21297,"date":"2026-03-23T14:00:18","date_gmt":"2026-03-23T17:00:18","guid":{"rendered":"https:\/\/www.bibliotecadeseguranca.com.br\/fr\/?p=21297"},"modified":"2026-03-23T12:29:20","modified_gmt":"2026-03-23T15:29:20","slug":"ministerio-publico-e-o-sistema-de-seguranca-publica-brasileiro","status":"publish","type":"post","link":"https:\/\/www.bibliotecadeseguranca.com.br\/fr\/livros\/ministerio-publico-e-o-sistema-de-seguranca-publica-brasileiro\/","title":{"rendered":"Minist\u00e9rio P\u00fablico e o Sistema de Seguran\u00e7a P\u00fablica Brasileiro"},"content":{"rendered":"<p><span style=\"color: #003366;\"><strong><img loading=\"lazy\" decoding=\"async\" class=\"alignleft size-full wp-image-21298\" src=\"https:\/\/www.bibliotecadeseguranca.com.br\/fr\/wp-content\/uploads\/2026\/03\/ministerio-publico-e-o-sistema-de-seguranca-publica-brasileiro.jpg\" alt=\"Minist\u00e9rio P\u00fablico e o Sistema de Seguran\u00e7a P\u00fablica Brasileiro\" width=\"145\" height=\"205\" srcset=\"https:\/\/www.bibliotecadeseguranca.com.br\/fr\/wp-content\/uploads\/2026\/03\/ministerio-publico-e-o-sistema-de-seguranca-publica-brasileiro.jpg 145w, https:\/\/www.bibliotecadeseguranca.com.br\/fr\/wp-content\/uploads\/2026\/03\/ministerio-publico-e-o-sistema-de-seguranca-publica-brasileiro-106x150.jpg 106w\" sizes=\"auto, (max-width: 145px) 100vw, 145px\" \/>Conselho Nacional do Minist\u00e9rio P\u00fablico<\/strong><\/span><\/p>\n<p><span style=\"color: #003366;\"><strong>R\u00e9sum\u00e9:<\/strong><\/span> A macrocriminalidade brasileira reflete as organiza\u00e7\u00f5es transnacionais que operam em todos os quadrantes da contemporaneidade, tornando a seguran\u00e7a p\u00fablica um dos mais importantes desafios postos ao Brasil.<br \/>\nA expans\u00e3o das fac\u00e7\u00f5es criminosas, territorial e estruturalmente, imp\u00f5e ao Estado brasileiro a ado\u00e7\u00e3o urgente de pol\u00edticas de seguran\u00e7a p\u00fablica \u2013 tendentes \u00e0 preven\u00e7\u00e3o, ao controle e \u00e0 repress\u00e3o da criminalidade \u2013, assim como de pol\u00edticas sociais de prote\u00e7\u00e3o \u00e0s v\u00edtimas.<br \/>\nO Minist\u00e9rio P\u00fablico, por sua conforma\u00e7\u00e3o constitucional como garantia de realiza\u00e7\u00e3o dos direitos fundamentais e institucional do pr\u00f3prio Estado Democr\u00e1tico de Direito, \u00e9 ator inarred\u00e1vel das a\u00e7\u00f5es de Estado que tenham por objetivo a seguran\u00e7a p\u00fablica \u2013 dever do Estado; direito e responsabilidade de todos.<br \/>\nNesse contexto, a Comiss\u00e3o do Sistema Prisional, Controle Externo da Atividade Policial e Seguran\u00e7a P\u00fablica (CSP) do Conselho Nacional do Minist\u00e9rio P\u00fablico (CNMP) apresenta a revista \u201cO Minist\u00e9rio P\u00fablico e o Sistema de Seguran\u00e7a P\u00fablica brasileiro\u201d, a qual, inspirada no modelo dialogado da pol\u00edtica de seguran\u00e7a p\u00fablica institu\u00eddo na Lei do Sistema \u00danico de Seguran\u00e7a P\u00fablica \u2013 SUSP (Lei n. 13.675\/2018), traz artigos da autoria de membros do Minist\u00e9rio P\u00fablico, de agentes dos Sistemas de Justi\u00e7a e de Seguran\u00e7a P\u00fablica e, tamb\u00e9m, de especialistas na tem\u00e1tica.<br \/>\nDessa forma, atenta \u00e0 miss\u00e3o constitucional do CNMP ao cont\u00ednuo aperfei\u00e7oamento do Minist\u00e9rio P\u00fablico brasileiro \u2013 e, assim, por via reflexa, da nossa sociedade \u2013, a revista serve ao importante fim de ampliar o di\u00e1logo e o interc\u00e2mbio de informa\u00e7\u00f5es e de ideias com todos os \u00f3rg\u00e3os dos sistemas envolvidos, divulgando trabalhos acad\u00eamicos que trazem valiosas reflex\u00f5es, sob diferentes enfoques, acerca da mat\u00e9ria e dos rumos da seguran\u00e7a p\u00fablica no Brasil.<br \/>\nAo ensejo, estendo agradecimentos a todos os que colaboraram com esta elogi\u00e1vel publica\u00e7\u00e3o e, via de consequ\u00eancia, com o CNMP no desempenho das atribui\u00e7\u00f5es que lhe foram incumbidas pela Constitui\u00e7\u00e3o da Rep\u00fablica Federativa do Brasil.<\/p>\n<p>Ant\u00f4nio Augusto Brand\u00e3o de Aras<br \/>\nPresidente do Conselho Nacional do Minist\u00e9rio P\u00fablico<\/p>\n<p><a href=\"https:\/\/www.bibliotecadeseguranca.com.br\/wp-content\/uploads\/2026\/03\/ministerio-publico-e-o-sistema-de-seguranca-publica-brasileiro.pdf\" target=\"_blank\" rel=\"noopener\"><img loading=\"lazy\" decoding=\"async\" class=\"alignleft wp-image-12143 size-full\" src=\"https:\/\/www.bibliotecadeseguranca.com.br\/fr\/wp-content\/uploads\/2015\/03\/download_fr.gif\" alt=\"T\u00e9l\u00e9charger\" width=\"107\" height=\"25\" \/><\/a><\/p>\n","protected":false},"excerpt":{"rendered":"<p>Conselho Nacional do Minist\u00e9rio P\u00fablico R\u00e9sum\u00e9: A macrocriminalidade brasileira reflete as organiza\u00e7\u00f5es transnacionais que operam em todos os quadrantes da contemporaneidade, tornando a seguran\u00e7a p\u00fablica um dos mais importantes desafios postos ao Brasil. A expans\u00e3o das fac\u00e7\u00f5es criminosas, territorial e estruturalmente, imp\u00f5e ao Estado brasileiro a ado\u00e7\u00e3o urgente de pol\u00edticas de seguran\u00e7a p\u00fablica \u2013 tendentes \u00e0 preven\u00e7\u00e3o, ao controle e \u00e0 repress\u00e3o da criminalidade \u2013, assim como de pol\u00edticas sociais&hellip; <\/p>\n","protected":false},"author":3,"featured_media":21298,"comment_status":"open","ping_status":"closed","sticky":false,"template":"","format":"standard","meta":{"footnotes":""},"categories":[6,25,112],"tags":[],"class_list":["post-21297","post","type-post","status-publish","format-standard","has-post-thumbnail","hentry","category-livros","category-seguranca-publica-e-defesa","category-download"],"views":30,"_links":{"self":[{"href":"https:\/\/www.bibliotecadeseguranca.com.br\/fr\/wp-json\/wp\/v2\/posts\/21297","targetHints":{"allow":["GET"]}}],"collection":[{"href":"https:\/\/www.bibliotecadeseguranca.com.br\/fr\/wp-json\/wp\/v2\/posts"}],"about":[{"href":"https:\/\/www.bibliotecadeseguranca.com.br\/fr\/wp-json\/wp\/v2\/types\/post"}],"author":[{"embeddable":true,"href":"https:\/\/www.bibliotecadeseguranca.com.br\/fr\/wp-json\/wp\/v2\/users\/3"}],"replies":[{"embeddable":true,"href":"https:\/\/www.bibliotecadeseguranca.com.br\/fr\/wp-json\/wp\/v2\/comments?post=21297"}],"version-history":[{"count":1,"href":"https:\/\/www.bibliotecadeseguranca.com.br\/fr\/wp-json\/wp\/v2\/posts\/21297\/revisions"}],"predecessor-version":[{"id":21299,"href":"https:\/\/www.bibliotecadeseguranca.com.br\/fr\/wp-json\/wp\/v2\/posts\/21297\/revisions\/21299"}],"wp:featuredmedia":[{"embeddable":true,"href":"https:\/\/www.bibliotecadeseguranca.com.br\/fr\/wp-json\/wp\/v2\/media\/21298"}],"wp:attachment":[{"href":"https:\/\/www.bibliotecadeseguranca.com.br\/fr\/wp-json\/wp\/v2\/media?parent=21297"}],"wp:term":[{"taxonomy":"category","embeddable":true,"href":"https:\/\/www.bibliotecadeseguranca.com.br\/fr\/wp-json\/wp\/v2\/categories?post=21297"},{"taxonomy":"post_tag","embeddable":true,"href":"https:\/\/www.bibliotecadeseguranca.com.br\/fr\/wp-json\/wp\/v2\/tags?post=21297"}],"curies":[{"name":"wp","href":"https:\/\/api.w.org\/{rel}","templated":true}]}}